{"id":668,"date":"2015-04-03T12:28:29","date_gmt":"2015-04-03T15:28:29","guid":{"rendered":"http:\/\/www.osmiss.com.ar\/news\/?p=106"},"modified":"2022-03-31T15:08:28","modified_gmt":"2022-03-31T18:08:28","slug":"algunas-reflexiones-prospectivas-sobre-el-sistema-de-salud","status":"publish","type":"post","link":"https:\/\/osmiss.org.ar\/news2\/2015\/04\/03\/algunas-reflexiones-prospectivas-sobre-el-sistema-de-salud\/","title":{"rendered":"Algunas reflexiones prospectivas sobre el sistema de salud"},"content":{"rendered":"<p>En el marco de la irrupci\u00f3n de la innovaci\u00f3n tecnol\u00f3gica en el sistema de salud en la pr\u00f3xima d\u00e9cada, tendiente a corregir las asimetr\u00edas existentes mediante la revaluaci\u00f3n y reconceptualizaci\u00f3n de los sistemas operativos y tecnol\u00f3gicos utilizados, surge la posibilidad de alcanzar est\u00e1ndares superiores de calidad en la atenci\u00f3n m\u00e9dica.<\/p>\n<p>El nuevo contexto de la sociedad global ha alterado irrevocablemente la metodolog\u00eda de la administraci\u00f3n del sistema de salud, debiendo hoy desarrollar su actividad en base a nuevas estrategias y m\u00e9todos operativos que las lleven adelante, en el contexto de una sociedad globalizada, para perge\u00f1ar una nueva visi\u00f3n de la atenci\u00f3n de la salud, ya no con exclusivo acento en el tratamiento de la enfermedad sino en la protecci\u00f3n y robustecimiento de la salud.<\/p>\n<p>Hacia estos fines, se entiende que se ha iniciado un proceso, que, como se se\u00f1al\u00f3 antes, con el tiempo ser\u00e1 incontenible, de revaluaci\u00f3n y reconceptualizaci\u00f3n de los sistemas operativos y de las tecnolog\u00edas utilizadas por las instituciones de salud, que las tornar\u00e1n m\u00e1s simples, flexibles y focalizadas a las necesidades de las personas y, a su vez, m\u00e1s competitivas para poder sobrevivir a las transformaciones del medio social.<\/p>\n<p>Es as\u00ed que el acento principal de este proceso privilegia los requerimientos del usuario del sistema de salud en beneficio de lograr una mayor satisfacci\u00f3n del mismo.<\/p>\n<p>Actualmente, las formas de recorrer el actual escenario de la salud por parte de las personas ha sido descripto como la <em>\u201ccarrera del enfermo\u201d<\/em>, lo cual da cuenta de la multiplicidad de caminos que eligen las personas en busca de alivio a la cura para las enfermedades o padecimientos propios o de familiares. En esos caminos, hoy se suele recurrir a una diversidad de propuestas y abordajes, seg\u00fan las diferentes posibilidades personales que se tienen, creencias y saberes, incluyendo formas de auto-atenci\u00f3n, medicinas conocidas como alternativas, curadores tradicionales, entre otras tantas formas de pensar y cuidar la salud.<\/p>\n<p>En este esquema las entidades y\/o empresas de servicios de salud est\u00e1n obligadas a reorganizarse y deben prepararse para actuar en el marco de la estructura social que se avecina. Esto nos llevar\u00e1 necesariamente, a la necesidad de fijar pol\u00edticas para el ordenamiento del universo de la salud, lo que obliga a enfocar como meta fundamental el desarrollo de acciones de atracci\u00f3n hacia el sistema de salud formal, de nuevos usuarios y servicios que, aparte de ser de mayor calidad, satisfagan a quienes la utilizan.<\/p>\n<p>Para todo lo anterior, las instituciones de atenci\u00f3n m\u00e9dica deben expandir, si o si, sus \u00e1reas de promoci\u00f3n, mantener costos competitivos, cuidar y perfeccionar la calidad de las prestaciones y procurar tener siempre una participaci\u00f3n en el mercado num\u00e9ricamente significativa, luchando permanentemente por mejorar su presencia.<\/p>\n<p>Lo dicho, no constituyen objetivos f\u00e1ciles de lograr, son aspiraciones que s\u00f3lo se alcanzan con importantes esfuerzos profesionales y econ\u00f3micos.<\/p>\n<hr \/>\n<p><img loading=\"lazy\" decoding=\"async\" class=\"alignnone wp-image-279 size-full\" title=\"Ing. N\u00e9stor E. Fern\u00e1ndez Presidente de OSMISS\" src=\"https:\/\/osmiss.org.ar\/news2\/wp-content\/uploads\/2018\/05\/fotopresidencia.jpg\" alt=\"Imagen del Ing. N\u00e9stor E. Fern\u00e1ndez\" width=\"150\" height=\"150\" srcset=\"https:\/\/osmiss.org.ar\/news2\/wp-content\/uploads\/2018\/05\/fotopresidencia.jpg 150w, https:\/\/osmiss.org.ar\/news2\/wp-content\/uploads\/2018\/05\/fotopresidencia-60x60.jpg 60w\" sizes=\"auto, (max-width: 150px) 100vw, 150px\" \/><\/p>\n<p><em><strong>Ing. N\u00e9stor E. Fern\u00e1ndez<\/strong><\/em><br \/>\n<em><strong>Presidente de OSMISS<\/strong><\/em><\/p>\n","protected":false},"excerpt":{"rendered":"<p>En el marco de la irrupci\u00f3n de la innovaci\u00f3n tecnol\u00f3gica en el sistema de salud en la pr\u00f3xima d\u00e9cada, tendiente a corregir las asimetr\u00edas existentes mediante la revaluaci\u00f3n y reconceptualizaci\u00f3n de los sistemas operativos y &hellip; <\/p>\n","protected":false},"author":2,"featured_media":779,"comment_status":"closed","ping_status":"open","sticky":false,"template":"","format":"standard","meta":{"om_disable_all_campaigns":false,"_monsterinsights_skip_tracking":false,"_uf_show_specific_survey":0,"_uf_disable_surveys":false,"footnotes":""},"categories":[22],"tags":[],"class_list":["post-668","post","type-post","status-publish","format-standard","has-post-thumbnail","hentry","category-editoriales","grid-sizer"],"aioseo_notices":[],"_links":{"self":[{"href":"https:\/\/osmiss.org.ar\/news2\/wp-json\/wp\/v2\/posts\/668","targetHints":{"allow":["GET"]}}],"collection":[{"href":"https:\/\/osmiss.org.ar\/news2\/wp-json\/wp\/v2\/posts"}],"about":[{"href":"https:\/\/osmiss.org.ar\/news2\/wp-json\/wp\/v2\/types\/post"}],"author":[{"embeddable":true,"href":"https:\/\/osmiss.org.ar\/news2\/wp-json\/wp\/v2\/users\/2"}],"replies":[{"embeddable":true,"href":"https:\/\/osmiss.org.ar\/news2\/wp-json\/wp\/v2\/comments?post=668"}],"version-history":[{"count":2,"href":"https:\/\/osmiss.org.ar\/news2\/wp-json\/wp\/v2\/posts\/668\/revisions"}],"predecessor-version":[{"id":861,"href":"https:\/\/osmiss.org.ar\/news2\/wp-json\/wp\/v2\/posts\/668\/revisions\/861"}],"wp:featuredmedia":[{"embeddable":true,"href":"https:\/\/osmiss.org.ar\/news2\/wp-json\/wp\/v2\/media\/779"}],"wp:attachment":[{"href":"https:\/\/osmiss.org.ar\/news2\/wp-json\/wp\/v2\/media?parent=668"}],"wp:term":[{"taxonomy":"category","embeddable":true,"href":"https:\/\/osmiss.org.ar\/news2\/wp-json\/wp\/v2\/categories?post=668"},{"taxonomy":"post_tag","embeddable":true,"href":"https:\/\/osmiss.org.ar\/news2\/wp-json\/wp\/v2\/tags?post=668"}],"curies":[{"name":"wp","href":"https:\/\/api.w.org\/{rel}","templated":true}]}}