{"id":669,"date":"2014-12-03T12:47:22","date_gmt":"2014-12-03T15:47:22","guid":{"rendered":"http:\/\/www.osmiss.com.ar\/news\/?p=108"},"modified":"2022-03-31T15:09:01","modified_gmt":"2022-03-31T18:09:01","slug":"algunas-reflexiones-sobre-la-economia-del-sistema-de-salud","status":"publish","type":"post","link":"https:\/\/osmiss.org.ar\/news2\/2014\/12\/03\/algunas-reflexiones-sobre-la-economia-del-sistema-de-salud\/","title":{"rendered":"Algunas reflexiones sobre la econom\u00eda del sistema de salud"},"content":{"rendered":"<p>En la actualidad es posible observar la existencia de muchos indicadores econ\u00f3micos que anticipan la posibilidad de una transformaci\u00f3n importante del sector de la salud.<\/p>\n<p>Se estima que en la pr\u00f3xima d\u00e9cada, a nivel global, las personas pueden vivir un promedio superior a los 90 a\u00f1os, con lo cual, desde el punto de vista del cuidado de la salud, econ\u00f3micamente se entrar\u00e1 en una etapa de rendimientos decrecientes y costos crecientes en la relaci\u00f3n existente entre los costos derivados del cuidado de la salud y la esperanza de vida. Es as\u00ed que, en la medida en que la expectativa de vida crezca y la tasa de natalidad disminuya, se genera una pir\u00e1mide poblacional de m\u00e1s edad, de la cual deriva un incremento de la carga demandada sobre la poblaci\u00f3n que trabaja para sostener como viable esta situaci\u00f3n. Todo esto impone la necesidad de mejorar la eficiencia del sistema que en este marco, resulta un \u00e1mbito apto para encarar una etapa de transformaci\u00f3n basada en la ineficiencia existente; lo que abre la posibilidad, frente al volumen de recursos econ\u00f3micos que se aplican, de generar mejoras provenientes de alternativas innovadoras, tendiendo a lograr una renta econ\u00f3mica y social importante.<\/p>\n<p>La ineficiencia se\u00f1alada se correlaciona con las fallas de mercado y las asimetr\u00edas de informaci\u00f3n. Es as\u00ed que los incentivos no se correlacionan con lo deseable a nivel social ya que la industria, los m\u00e9dicos y proveedores de la salud obtienen mayores r\u00e9ditos cuando m\u00e1s enferma la poblaci\u00f3n, a\u00fan cuando esta ecuaci\u00f3n se invierta para las obras sociales y prepagas.<\/p>\n<p>Es innegable que en la pr\u00f3xima d\u00e9cada la innovaci\u00f3n tecnol\u00f3gica har\u00e1 posible corregir estas asimetr\u00edas que conjuntamente con el potencial del desarrollo digital permitir\u00e1 mejorar la calidad de los servicios de salud, a\u00fan por encima del desarrollo de la investigaci\u00f3n m\u00e9dica.<\/p>\n<p>Con esa finalidad se entiende que se ha iniciado un proceso, que con el tiempo ser\u00e1 incontenible, de revaluaci\u00f3n y reconceptualizaci\u00f3n de los sistemas operativos y de las tecnolog\u00edas utilizadas en el sistema de salud, que ser\u00e1n m\u00e1s simples, flexibles y focalizadas a las necesidades del usuario y, a su vez, m\u00e1s adecuadas a las transformaciones de la demanda social.<\/p>\n<p>Para alcanzar estos objetivos en el sistema de salud, se hace necesario ingresar en un proceso que llamaremos de reingenier\u00eda acompa\u00f1ado de herramientas que requieren un refinado entrenamiento, adecuadas inversiones y un recurso humano talentoso y creativo, que permita buscar con \u00e9xito el futuro de la sociedad que evoluciona, dentro de la responsabilidad de velar por la salud.<\/p>\n<hr \/>\n<p><img loading=\"lazy\" decoding=\"async\" class=\"alignnone wp-image-279 size-full\" title=\"Ing. N\u00e9stor E. Fern\u00e1ndez Presidente de OSMISS\" src=\"https:\/\/osmiss.org.ar\/news2\/wp-content\/uploads\/2018\/05\/fotopresidencia.jpg\" alt=\"Imagen del Ing. N\u00e9stor E. Fern\u00e1ndez\" width=\"150\" height=\"150\" srcset=\"https:\/\/osmiss.org.ar\/news2\/wp-content\/uploads\/2018\/05\/fotopresidencia.jpg 150w, https:\/\/osmiss.org.ar\/news2\/wp-content\/uploads\/2018\/05\/fotopresidencia-60x60.jpg 60w\" sizes=\"auto, (max-width: 150px) 100vw, 150px\" \/><\/p>\n<p><em><strong>Ing. N\u00e9stor E. Fern\u00e1ndez<\/strong><\/em><br \/>\n<em><strong>Presidente de OSMISS<\/strong><\/em><\/p>\n","protected":false},"excerpt":{"rendered":"<p>En la actualidad es posible observar la existencia de muchos indicadores econ\u00f3micos que anticipan la posibilidad de una transformaci\u00f3n importante del sector de la salud. Se estima que en la pr\u00f3xima d\u00e9cada, a nivel global, &hellip; <\/p>\n","protected":false},"author":2,"featured_media":770,"comment_status":"closed","ping_status":"open","sticky":false,"template":"","format":"standard","meta":{"om_disable_all_campaigns":false,"_monsterinsights_skip_tracking":false,"_uf_show_specific_survey":0,"_uf_disable_surveys":false,"footnotes":""},"categories":[22],"tags":[],"class_list":["post-669","post","type-post","status-publish","format-standard","has-post-thumbnail","hentry","category-editoriales","grid-sizer"],"aioseo_notices":[],"_links":{"self":[{"href":"https:\/\/osmiss.org.ar\/news2\/wp-json\/wp\/v2\/posts\/669","targetHints":{"allow":["GET"]}}],"collection":[{"href":"https:\/\/osmiss.org.ar\/news2\/wp-json\/wp\/v2\/posts"}],"about":[{"href":"https:\/\/osmiss.org.ar\/news2\/wp-json\/wp\/v2\/types\/post"}],"author":[{"embeddable":true,"href":"https:\/\/osmiss.org.ar\/news2\/wp-json\/wp\/v2\/users\/2"}],"replies":[{"embeddable":true,"href":"https:\/\/osmiss.org.ar\/news2\/wp-json\/wp\/v2\/comments?post=669"}],"version-history":[{"count":2,"href":"https:\/\/osmiss.org.ar\/news2\/wp-json\/wp\/v2\/posts\/669\/revisions"}],"predecessor-version":[{"id":863,"href":"https:\/\/osmiss.org.ar\/news2\/wp-json\/wp\/v2\/posts\/669\/revisions\/863"}],"wp:featuredmedia":[{"embeddable":true,"href":"https:\/\/osmiss.org.ar\/news2\/wp-json\/wp\/v2\/media\/770"}],"wp:attachment":[{"href":"https:\/\/osmiss.org.ar\/news2\/wp-json\/wp\/v2\/media?parent=669"}],"wp:term":[{"taxonomy":"category","embeddable":true,"href":"https:\/\/osmiss.org.ar\/news2\/wp-json\/wp\/v2\/categories?post=669"},{"taxonomy":"post_tag","embeddable":true,"href":"https:\/\/osmiss.org.ar\/news2\/wp-json\/wp\/v2\/tags?post=669"}],"curies":[{"name":"wp","href":"https:\/\/api.w.org\/{rel}","templated":true}]}}