{"id":670,"date":"2014-07-03T13:08:52","date_gmt":"2014-07-03T16:08:52","guid":{"rendered":"http:\/\/www.osmiss.com.ar\/news\/?p=110"},"modified":"2022-03-31T15:09:43","modified_gmt":"2022-03-31T18:09:43","slug":"evolucion-de-las-instituciones-de-atencion-medica","status":"publish","type":"post","link":"https:\/\/osmiss.org.ar\/news2\/2014\/07\/03\/evolucion-de-las-instituciones-de-atencion-medica\/","title":{"rendered":"Evoluci\u00f3n de las instituciones de atenci\u00f3n m\u00e9dica"},"content":{"rendered":"<p>Los planes de atenci\u00f3n de la salud han tenido un exitoso desarrollo desde la d\u00e9cada del 70 cuando se promulg\u00f3 la ley 18.610 que normaliz\u00f3 el funcionamiento de las Obra Sociales. En la actualidad se estima que se hallan empadronadas m\u00e1s de 25 millones de afiliados distribuy\u00e9ndose dicha afiliaci\u00f3n, en funci\u00f3n de su participaci\u00f3n porcentual, en:<\/p>\n<ul>\n<li>Obra Sociales Nacionales<\/li>\n<li>Obras Sociales Provinciales<\/li>\n<li>PAMI<\/li>\n<li>Empresas de Medicina Prepaga<\/li>\n<li>Obras Sociales Aut\u00f3nomas<\/li>\n<\/ul>\n<p>Debe se\u00f1alarse tambi\u00e9n, que a partir del a\u00f1o 1990 los avances tecnol\u00f3gicos aplicados a la medicina, la informatizaci\u00f3n, la presi\u00f3n sobre los servicios m\u00e9dicos y la globalizaci\u00f3n de los mercados generaron la necesidad de producir profundos cambios en la administraci\u00f3n del sistema de salud que nos acompa\u00f1a hasta el presente.<\/p>\n<p>Ante estos cambios, el sistema de salud persiste y se expande acompa\u00f1ando el acelerado desarrollo tecnol\u00f3gico, debiendo para ello ingresar de lleno en el mercado de la salud (desregulaci\u00f3n) que obliga a enfocar como meta fundamental pol\u00edticas de atracci\u00f3n de nuevos usuarios (afiliados) y servicios que satisfagan a quienes lo utilizan.<\/p>\n<p>Esto obliga a expandir el \u00e1rea de promoci\u00f3n, cuidar y perfeccionar la calidad de las prestaciones y procurar tener siempre una participaci\u00f3n significativa en el mercado de la salud.<\/p>\n<p>Todo lo anterior, no constituyen objetivos f\u00e1ciles de lograr; pero si, son aspiraciones establecidas para ser alcanzadas.<\/p>\n<p>En el marco de la desregulaci\u00f3n del mercado de la salud el objetivo relevante pasa a ser la promoci\u00f3n de los planes para incorporar nuevos usuarios (afiliados) y la revalorizaci\u00f3n de los existentes, como tambi\u00e9n, la expansi\u00f3n de los conocimientos sobre la salud mediante programas preventivos de mejoramiento de la misma, del vigor f\u00edsico e intelectual, es decir, mediante el desarrollo de Programas de Promoci\u00f3n de la Salud.<\/p>\n<p>En esto contexto, aparece como necesario parametrar nuevas metas, crear nuevas estrategias y m\u00e9todos operativos en la administraci\u00f3n de las instituciones integrantes del sistema de salud a los efectos de terminar de definir una nueva visi\u00f3n de la atenci\u00f3n de la salud, ya no solo con el exclusivo fin del tratamiento de la enfermedad sino tambi\u00e9n en la protecci\u00f3n y el robustecimiento de la salud. Hacia estos fines, se entiende que avanza un proceso, que con el tiempo ser\u00e1 incontenible, de reevaluaci\u00f3n y reconceptualizaci\u00f3n de los sistemas de salud, que se tornar\u00e1n m\u00e1s simples, flexibles y focalizados en las necesidades del usuario (pacientes) y, a su vez, m\u00e1s competitivos para poder salvar los nuevos desaf\u00edos que se presenten en el campo de la salud.<\/p>\n<p>Para alcanzar estos objetivos se hace necesario el desarrollo de pol\u00edticas de salud que incluyan la implementaci\u00f3n de adecuadas inversiones y el desarrollo de recursos humanos talentosos y creativos que permita bucear con \u00e9xito el ignoto futuro de la sociedad, dentro de la responsabilidad de velar por la salud.<\/p>\n<hr \/>\n<p><img loading=\"lazy\" decoding=\"async\" class=\"alignnone wp-image-279 size-full\" title=\"Ing. N\u00e9stor E. Fern\u00e1ndez Presidente de OSMISS\" src=\"https:\/\/osmiss.org.ar\/news2\/wp-content\/uploads\/2018\/05\/fotopresidencia.jpg\" alt=\"Imagen del Ing. N\u00e9stor E. Fern\u00e1ndez\" width=\"150\" height=\"150\" srcset=\"https:\/\/osmiss.org.ar\/news2\/wp-content\/uploads\/2018\/05\/fotopresidencia.jpg 150w, https:\/\/osmiss.org.ar\/news2\/wp-content\/uploads\/2018\/05\/fotopresidencia-60x60.jpg 60w\" sizes=\"auto, (max-width: 150px) 100vw, 150px\" \/><\/p>\n<p><em><strong>Ing. N\u00e9stor E. Fern\u00e1ndez<\/strong><\/em><br \/>\n<em><strong>Presidente de OSMISS<\/strong><\/em><\/p>\n","protected":false},"excerpt":{"rendered":"<p>Los planes de atenci\u00f3n de la salud han tenido un exitoso desarrollo desde la d\u00e9cada del 70 cuando se promulg\u00f3 la ley 18.610 que normaliz\u00f3 el funcionamiento de las Obra Sociales. En la actualidad se &hellip; <\/p>\n","protected":false},"author":2,"featured_media":764,"comment_status":"closed","ping_status":"open","sticky":false,"template":"","format":"standard","meta":{"om_disable_all_campaigns":false,"_monsterinsights_skip_tracking":false,"_uf_show_specific_survey":0,"_uf_disable_surveys":false,"footnotes":""},"categories":[22],"tags":[],"class_list":["post-670","post","type-post","status-publish","format-standard","has-post-thumbnail","hentry","category-editoriales","grid-sizer"],"aioseo_notices":[],"_links":{"self":[{"href":"https:\/\/osmiss.org.ar\/news2\/wp-json\/wp\/v2\/posts\/670","targetHints":{"allow":["GET"]}}],"collection":[{"href":"https:\/\/osmiss.org.ar\/news2\/wp-json\/wp\/v2\/posts"}],"about":[{"href":"https:\/\/osmiss.org.ar\/news2\/wp-json\/wp\/v2\/types\/post"}],"author":[{"embeddable":true,"href":"https:\/\/osmiss.org.ar\/news2\/wp-json\/wp\/v2\/users\/2"}],"replies":[{"embeddable":true,"href":"https:\/\/osmiss.org.ar\/news2\/wp-json\/wp\/v2\/comments?post=670"}],"version-history":[{"count":2,"href":"https:\/\/osmiss.org.ar\/news2\/wp-json\/wp\/v2\/posts\/670\/revisions"}],"predecessor-version":[{"id":865,"href":"https:\/\/osmiss.org.ar\/news2\/wp-json\/wp\/v2\/posts\/670\/revisions\/865"}],"wp:featuredmedia":[{"embeddable":true,"href":"https:\/\/osmiss.org.ar\/news2\/wp-json\/wp\/v2\/media\/764"}],"wp:attachment":[{"href":"https:\/\/osmiss.org.ar\/news2\/wp-json\/wp\/v2\/media?parent=670"}],"wp:term":[{"taxonomy":"category","embeddable":true,"href":"https:\/\/osmiss.org.ar\/news2\/wp-json\/wp\/v2\/categories?post=670"},{"taxonomy":"post_tag","embeddable":true,"href":"https:\/\/osmiss.org.ar\/news2\/wp-json\/wp\/v2\/tags?post=670"}],"curies":[{"name":"wp","href":"https:\/\/api.w.org\/{rel}","templated":true}]}}