{"id":673,"date":"2013-06-03T13:17:57","date_gmt":"2013-06-03T16:17:57","guid":{"rendered":"http:\/\/www.osmiss.com.ar\/news\/?p=116"},"modified":"2022-03-31T14:55:18","modified_gmt":"2022-03-31T17:55:18","slug":"algunas-reflexiones-sobre-los-servicios-de-internaciones-domiciliarias","status":"publish","type":"post","link":"https:\/\/osmiss.org.ar\/news2\/2013\/06\/03\/algunas-reflexiones-sobre-los-servicios-de-internaciones-domiciliarias\/","title":{"rendered":"Algunas reflexiones sobre los servicios de internaciones domiciliarias"},"content":{"rendered":"<p>La tendencia mundial a adoptar cada vez m\u00e1s la atenci\u00f3n ambulatoria se funda en que se ha comprobado su eficacia en la m\u00e1s r\u00e1pida rehabilitaci\u00f3n y mejor calidad de vida que se puede brindar a los pacientes con largos tratamientos post-quir\u00fargicos o traumatol\u00f3gicos, discapacidades bajo tratamiento de recuperaci\u00f3n y cierto tipo de enfermos cr\u00f3nicos o terminales. Se busca, a trav\u00e9s de los servicios de internaci\u00f3n domiciliaria, llevar a cabo la atenci\u00f3n m\u00e9dica necesaria sin desmedro de su calidad y satisfacci\u00f3n de los usuarios de este servicio.<\/p>\n<p>De este tipo de atenci\u00f3n, podemos decir, que se benefician, en primer lugar, los ni\u00f1os y el adulto mayor. Los primeros debido a que la atenci\u00f3n domiciliaria facilita el tratamiento y asegura el permanente cuidado de sus progenitores, rodeando al peque\u00f1o paciente de un clima de seguridad.<\/p>\n<p>En los adultos mayores, permite disminuir los episodios de reinternaci\u00f3n, que en la mayor\u00eda de las oportunidades, genera grandes dificultades para llevar al paciente a su estado anterior. Adem\u00e1s facilita la pronta reinserci\u00f3n activa en el ambiente familiar y aleja la tendencia al abandono de los mayores. Otro beneficio adicional, generalmente no considerado, es que se aleja al paciente de los peligros de las infecciones intra-hospitalarias y de las consecuencias de la internaci\u00f3n prolongada fuera del \u00e1mbito familiar.<\/p>\n<p>El ingreso al sistema de atenci\u00f3n domiciliaria exige una calificaci\u00f3n especial del paciente, donde se debe determinar las reales posibilidades que brinda aquel en funci\u00f3n de la situaci\u00f3n personal de este \u00faltimo y el grado de contenci\u00f3n de su \u00e1mbito familiar.<\/p>\n<p>Debe se\u00f1alarse tambi\u00e9n que los enfermos en estado agudo no deben ser objeto de su tratamiento en el sistema de atenci\u00f3n domiciliaria.<\/p>\n<p>La selecci\u00f3n y evaluaci\u00f3n de la transferencia del paciente a la atenci\u00f3n domiciliaria, comienza cuando el paciente es transferido de la terapia intensiva a la sala com\u00fan. Normalmente, la atenci\u00f3n domiciliaria es bien acogida cuando son bien analizados los servicios y controles que se necesitan para determinar las probabilidades de realizarlos en domicilio.<\/p>\n<p>Con una buena evaluaci\u00f3n del paciente, organizaci\u00f3n y control, la atenci\u00f3n domiciliaria toma nuevas dimensiones, particularmente para enfermos terminales, constituyendo actualmente un \u00e1rea de inter\u00e9s social.<\/p>\n<p>Para este tipo de actuaci\u00f3n se encuentran m\u00e9dicos y enfermeros especializados, generando ello la posible cobertura de estos servicios.<\/p>\n<p>Los avances efectuados permiten a la fecha suministrar a domicilio transfusiones de sangre, quimioterapia, tratamiento de las complicaciones del HIV\/SIDA, apoyo respiratorio continuo, manejo del dolor cr\u00f3nico, etc.<\/p>\n<p>Se entiende finalmente, que en los servicios de internaci\u00f3n domiciliaria la atenci\u00f3n de un paciente debe incluir los cuidados recibidos en el centro de atenci\u00f3n, mediante una adecuada planificaci\u00f3n de la conducta terap\u00e9utica a seguir por el m\u00e9dico tratante con el coordinador de este servicio.<\/p>\n<hr \/>\n<p><img loading=\"lazy\" decoding=\"async\" class=\"alignnone wp-image-279 size-full\" title=\"Ing. N\u00e9stor E. Fern\u00e1ndez Presidente de OSMISS\" src=\"https:\/\/osmiss.org.ar\/news2\/wp-content\/uploads\/2018\/05\/fotopresidencia.jpg\" alt=\"Imagen del Ing. N\u00e9stor E. Fern\u00e1ndez\" width=\"150\" height=\"150\" srcset=\"https:\/\/osmiss.org.ar\/news2\/wp-content\/uploads\/2018\/05\/fotopresidencia.jpg 150w, https:\/\/osmiss.org.ar\/news2\/wp-content\/uploads\/2018\/05\/fotopresidencia-60x60.jpg 60w\" sizes=\"auto, (max-width: 150px) 100vw, 150px\" \/><\/p>\n<p><em><strong>Ing. N\u00e9stor E. Fern\u00e1ndez<\/strong><\/em><br \/>\n<em><strong>Presidente de OSMISS<\/strong><\/em><\/p>\n","protected":false},"excerpt":{"rendered":"<p>La tendencia mundial a adoptar cada vez m\u00e1s la atenci\u00f3n ambulatoria se funda en que se ha comprobado su eficacia en la m\u00e1s r\u00e1pida rehabilitaci\u00f3n y mejor calidad de vida que se puede brindar a &hellip; <\/p>\n","protected":false},"author":2,"featured_media":772,"comment_status":"closed","ping_status":"open","sticky":false,"template":"","format":"standard","meta":{"om_disable_all_campaigns":false,"_monsterinsights_skip_tracking":false,"_uf_show_specific_survey":0,"_uf_disable_surveys":false,"footnotes":""},"categories":[22],"tags":[],"class_list":["post-673","post","type-post","status-publish","format-standard","has-post-thumbnail","hentry","category-editoriales","grid-sizer"],"aioseo_notices":[],"_links":{"self":[{"href":"https:\/\/osmiss.org.ar\/news2\/wp-json\/wp\/v2\/posts\/673","targetHints":{"allow":["GET"]}}],"collection":[{"href":"https:\/\/osmiss.org.ar\/news2\/wp-json\/wp\/v2\/posts"}],"about":[{"href":"https:\/\/osmiss.org.ar\/news2\/wp-json\/wp\/v2\/types\/post"}],"author":[{"embeddable":true,"href":"https:\/\/osmiss.org.ar\/news2\/wp-json\/wp\/v2\/users\/2"}],"replies":[{"embeddable":true,"href":"https:\/\/osmiss.org.ar\/news2\/wp-json\/wp\/v2\/comments?post=673"}],"version-history":[{"count":2,"href":"https:\/\/osmiss.org.ar\/news2\/wp-json\/wp\/v2\/posts\/673\/revisions"}],"predecessor-version":[{"id":845,"href":"https:\/\/osmiss.org.ar\/news2\/wp-json\/wp\/v2\/posts\/673\/revisions\/845"}],"wp:featuredmedia":[{"embeddable":true,"href":"https:\/\/osmiss.org.ar\/news2\/wp-json\/wp\/v2\/media\/772"}],"wp:attachment":[{"href":"https:\/\/osmiss.org.ar\/news2\/wp-json\/wp\/v2\/media?parent=673"}],"wp:term":[{"taxonomy":"category","embeddable":true,"href":"https:\/\/osmiss.org.ar\/news2\/wp-json\/wp\/v2\/categories?post=673"},{"taxonomy":"post_tag","embeddable":true,"href":"https:\/\/osmiss.org.ar\/news2\/wp-json\/wp\/v2\/tags?post=673"}],"curies":[{"name":"wp","href":"https:\/\/api.w.org\/{rel}","templated":true}]}}