{"id":674,"date":"2012-12-03T13:20:45","date_gmt":"2012-12-03T16:20:45","guid":{"rendered":"http:\/\/www.osmiss.com.ar\/news\/?p=118"},"modified":"2022-03-31T14:56:26","modified_gmt":"2022-03-31T17:56:26","slug":"la-importancia-prestacional-de-los-medicos-de-familia","status":"publish","type":"post","link":"https:\/\/osmiss.org.ar\/news2\/2012\/12\/03\/la-importancia-prestacional-de-los-medicos-de-familia\/","title":{"rendered":"La importancia prestacional de los m\u00e9dicos de familia"},"content":{"rendered":"<p>En el marco de la atenci\u00f3n de la salud, el primer escal\u00f3n del proceso de toda atenci\u00f3n integral por el cual la medicina se ajusta a las necesidades cambiantes de la persona en la sociedad, es el profesional m\u00e9dico encargado del cuidado primario de la salud.<\/p>\n<p>Hoy se acepta a estos profesionales como m\u00e9dicos de familia, integrantes del primer nivel de cobertura prestacional, ya que por su car\u00e1cter de generalistas y su especializaci\u00f3n social, tienen una perspectiva integral del estado de salud-enfermedad de los pacientes a su cargo.<\/p>\n<p>Estos atienden las dolencias prevalentes y se orientan hacia la optimizaci\u00f3n en el uso de los recursos disponibles, prestando un servicio m\u00e9dico preventivo y participativo.<\/p>\n<p>Normalmente, las metas primordiales de un m\u00e9dico de familia son: el diagn\u00f3stico precoz y el conocimiento del n\u00facleo familiar, su trabajo, sus costumbres, antecedentes patol\u00f3gicos y secuelas detectadas.<\/p>\n<p>La actividad de los m\u00e9dicos de familia no se puede encuadrar estrictamente en el \u00e1mbito m\u00e9dico-asistencial, ya que la misma va m\u00e1s lejos y se extiende al terreno social, donde se estudia al paciente en el contexto en que vive, la familia y el \u00e1mbito social. Debe entenderse que estos integrantes son determinantes de muchas patolog\u00edas que afectan la psiquis y que repercuten en el organismo.<\/p>\n<p>La incursi\u00f3n de los m\u00e9dicos de familia en el campo social de los pacientes debe encuadrarse en un marco que representa un sistema de valores m\u00faltiples, dentro del cual se puedan abordar los problemas espec\u00edficamente m\u00e9dicos.<\/p>\n<p>El compromiso de un m\u00e9dico de familia con el beneficiario de la Obra Social es fundamentalmente con la persona, a quien va a dar atenci\u00f3n mediante sus conocimientos.<\/p>\n<p>Puesto que la persona que ser\u00e1 atendida tiene una estructura psico-org\u00e1nica libre, din\u00e1mica y evolutiva en cuanto a su hacer, el compromiso que contrae el profesional de la salud implica una atenci\u00f3n vigilante, continua y responsable.<\/p>\n<p>La continuidad est\u00e1 dada por el grado de empat\u00eda m\u00e9dico-paciente que se logre. Ello permite que el m\u00e9dico de familia se interiorice de la personalidad del paciente, establezca la repercusi\u00f3n psicosom\u00e1tica de la enfermedad y detecte otras repercusiones sobre la vida en sociedad.<\/p>\n<p>El compromiso adquirido por el profesional m\u00e9dico obliga a que \u00e9ste interprete la enfermedad del paciente en un contexto familiar y social.<\/p>\n<p>Esta misi\u00f3n global permite que el m\u00e9dico de familia realice una lectura mucho m\u00e1s amplia de la dolencia que se trata, introduciendo en ella posibles aspectos psicol\u00f3gicos y sociales que, a la vez, habilitan para comprender creencias, necesidades y apetencias, como tambi\u00e9n posibles carencias. Todos ellos son factores, que de alguna manera inciden en la evoluci\u00f3n de la enfermedad.<\/p>\n<p>Es as\u00ed como el m\u00e9dico de familia se transforma en el primer eslab\u00f3n del sistema de salud, ya que este conocimiento le permite un enfoque globalizador para dar satisfacciones adecuadas en el tratamiento de las enfermedades.<\/p>\n<p>Aceptando tambi\u00e9n que la clave de una atenci\u00f3n m\u00e9dica adecuada involucra la prevenci\u00f3n y promoci\u00f3n de la salud, el m\u00e9dico de familia se encuentra en condiciones de utilizar el contacto con sus pacientes para aplicar ese enfoque y posibilitar el uso de sus beneficios.<\/p>\n<p>El m\u00e9dico de familia debe as\u00ed, para nuestros afiliados, formar el primer eslab\u00f3n de la red prestacional de atenci\u00f3n de OSMISS, ya que se lo debe considerar como asesor, gu\u00eda y orientador dentro de los servicios de salud, para lo cual debe conocer al paciente a los efectos de brindarle el mejor consejo para una mejor calidad de su atenci\u00f3n.<\/p>\n<p>Podemos decir as\u00ed, que el m\u00e9dico de familia resulta ser un cl\u00ednico coordinador, que no solo eval\u00faa las condiciones de sus pacientes y les aconseja ajustadamente, sino tambi\u00e9n que unifica y procede al an\u00e1lisis de todos los estudios y tratamientos necesarios, procediendo a la comparaci\u00f3n de las historias cl\u00ednicas correspondientes a cada afiliado.<\/p>\n<hr \/>\n<p><img loading=\"lazy\" decoding=\"async\" class=\"alignnone wp-image-279 size-full\" title=\"Ing. N\u00e9stor E. Fern\u00e1ndez Presidente de OSMISS\" src=\"https:\/\/osmiss.org.ar\/news2\/wp-content\/uploads\/2018\/05\/fotopresidencia.jpg\" alt=\"Imagen del Ing. N\u00e9stor E. Fern\u00e1ndez\" width=\"150\" height=\"150\" srcset=\"https:\/\/osmiss.org.ar\/news2\/wp-content\/uploads\/2018\/05\/fotopresidencia.jpg 150w, https:\/\/osmiss.org.ar\/news2\/wp-content\/uploads\/2018\/05\/fotopresidencia-60x60.jpg 60w\" sizes=\"auto, (max-width: 150px) 100vw, 150px\" \/><\/p>\n<p><em><strong>Ing. N\u00e9stor E. Fern\u00e1ndez<\/strong><\/em><br \/>\n<em><strong>Presidente de OSMISS<\/strong><\/em><\/p>\n","protected":false},"excerpt":{"rendered":"<p>En el marco de la atenci\u00f3n de la salud, el primer escal\u00f3n del proceso de toda atenci\u00f3n integral por el cual la medicina se ajusta a las necesidades cambiantes de la persona en la sociedad, &hellip; <\/p>\n","protected":false},"author":2,"featured_media":774,"comment_status":"closed","ping_status":"open","sticky":false,"template":"","format":"standard","meta":{"om_disable_all_campaigns":false,"_monsterinsights_skip_tracking":false,"_uf_show_specific_survey":0,"_uf_disable_surveys":false,"footnotes":""},"categories":[22],"tags":[],"class_list":["post-674","post","type-post","status-publish","format-standard","has-post-thumbnail","hentry","category-editoriales","grid-sizer"],"aioseo_notices":[],"_links":{"self":[{"href":"https:\/\/osmiss.org.ar\/news2\/wp-json\/wp\/v2\/posts\/674","targetHints":{"allow":["GET"]}}],"collection":[{"href":"https:\/\/osmiss.org.ar\/news2\/wp-json\/wp\/v2\/posts"}],"about":[{"href":"https:\/\/osmiss.org.ar\/news2\/wp-json\/wp\/v2\/types\/post"}],"author":[{"embeddable":true,"href":"https:\/\/osmiss.org.ar\/news2\/wp-json\/wp\/v2\/users\/2"}],"replies":[{"embeddable":true,"href":"https:\/\/osmiss.org.ar\/news2\/wp-json\/wp\/v2\/comments?post=674"}],"version-history":[{"count":2,"href":"https:\/\/osmiss.org.ar\/news2\/wp-json\/wp\/v2\/posts\/674\/revisions"}],"predecessor-version":[{"id":847,"href":"https:\/\/osmiss.org.ar\/news2\/wp-json\/wp\/v2\/posts\/674\/revisions\/847"}],"wp:featuredmedia":[{"embeddable":true,"href":"https:\/\/osmiss.org.ar\/news2\/wp-json\/wp\/v2\/media\/774"}],"wp:attachment":[{"href":"https:\/\/osmiss.org.ar\/news2\/wp-json\/wp\/v2\/media?parent=674"}],"wp:term":[{"taxonomy":"category","embeddable":true,"href":"https:\/\/osmiss.org.ar\/news2\/wp-json\/wp\/v2\/categories?post=674"},{"taxonomy":"post_tag","embeddable":true,"href":"https:\/\/osmiss.org.ar\/news2\/wp-json\/wp\/v2\/tags?post=674"}],"curies":[{"name":"wp","href":"https:\/\/api.w.org\/{rel}","templated":true}]}}