{"id":675,"date":"2012-10-03T13:22:54","date_gmt":"2012-10-03T16:22:54","guid":{"rendered":"http:\/\/www.osmiss.com.ar\/news\/?p=120"},"modified":"2022-03-31T14:56:59","modified_gmt":"2022-03-31T17:56:59","slug":"reflexiones-sobre-la-importancia-de-la-satisfaccion-vital-en-los-adultos-mayores","status":"publish","type":"post","link":"https:\/\/osmiss.org.ar\/news2\/2012\/10\/03\/reflexiones-sobre-la-importancia-de-la-satisfaccion-vital-en-los-adultos-mayores\/","title":{"rendered":"Reflexiones sobre la importancia de la satisfacci\u00f3n vital en los adultos mayores"},"content":{"rendered":"<p>En el nivel de los adultos mayores se refleja una situaci\u00f3n de vida integrada por su presente, su pasado y su futuro, que comparado con las personas en la etapa de su infancia, su situaci\u00f3n de vida se integra por un futuro sin pasado, mientras que la situaci\u00f3n de vida de los individuos en la mediana edad contiene algo de experiencia de vida, un pasado que normalmente es dif\u00edcil de entender y un futuro normalmente confuso, todo lo que genera una hip\u00f3tesis de mayor satisfacci\u00f3n vital en los adultos mayores.<\/p>\n<p>La valorizaci\u00f3n global de la calidad de vida de los adultos mayores concurre en la definici\u00f3n de la satisfacci\u00f3n vital de los mismos, ponderado ello, con la estimaci\u00f3n del grado de bienestar subjetivo de la propia vida que transitan, en correspondencia con las metas obtenidas y las deseadas. Tambi\u00e9n, dicha satisfacci\u00f3n vital, puede relacionarse con enfoques de tono emocional, los que se refieren al n\u00facleo de satisfacci\u00f3n de su vida presente al compararla con su propio pasado.<\/p>\n<p>La satisfacci\u00f3n vital queda as\u00ed relacionada con los valores asignables a las capacidades de lograr la satisfacci\u00f3n de las necesidades individuales, la posible participaci\u00f3n e integraci\u00f3n en la sociedad, al respecto que son merecedores y a la dignidad de las personas.<\/p>\n<p>Desde esta concepci\u00f3n la noci\u00f3n de la satisfacci\u00f3n vital de los adultos mayores posee un car\u00e1cter integrador y su visi\u00f3n deber\u00eda incluir perspectivas de abordaje de dichas capacidades.<\/p>\n<p>Al conjugar integralmente estos puntos, orientados al bienestar objetivo y subjetivo de las personas mayores, se apunta a construir escenarios posibles que deber\u00e1n estar orientados al fortalecimiento de los sistemas de apoyo social que generan diversos modos de funcionamiento para sostener las capacidades importantes de los adultos mayores y optimizar los niveles de satisfacci\u00f3n vital.<\/p>\n<p>As\u00ed al evaluar la perspectiva del papel de los fundamentos se entiende que la misma (la perspectiva) re\u00fane un conjunto de temas relacionados con las necesidades individuales que definen distintos estilos de vida.<\/p>\n<p>Podemos se\u00f1alar, tambi\u00e9n, que el ser humano no es s\u00f3lo un mero receptor de perstaciones, sino que tiene capacidad de ser hacedor creativo de su propio destino y \u00e9ticamente responsable de que se generen condicionamientos para lograr un rol protag\u00f3nico en libertad de movimiento como sujeto social y no mero receptor pasivo.<\/p>\n<p>Los adultos mayores presentan as\u00ed posibilidades de lograr por s\u00ed, en un marco socio pol\u00edtico, con un adecuado apoyo social, una satisfacci\u00f3n virtual m\u00e1s elevada que la actual, con lo cual, es posible mejorar el autoconcepto de los mismos.<\/p>\n<p>Avanzar socialmente en este sentido, resaltando los aspectos positivos de la tercera edad como el bienestar, la felicidad y la solidaridad permite que comience a deconstruirse esa imagen que hoy existe de la misma; que normalmente conduce a la exclusi\u00f3n social.<\/p>\n<p>La actual imagen de los adultos mayores, creado por la obsesi\u00f3n de idealizar la juventud, genera socialmente la negaci\u00f3n de mirar la realidad de la tercera edad, con niveles de satisfacci\u00f3n vital normalmente superiores.<\/p>\n<p>Prospectivamente, dada la mayor participaci\u00f3n poblacional de la tercera edad, el enfoque de la revalorizaci\u00f3n de la misma requerir\u00e1 que esta sea considerada como un \u201cper\u00edodo de oportunidad de vida\u201d y no un \u201cper\u00edodo de marginaci\u00f3n\u201d.<\/p>\n<p>Se entiende as\u00ed, que los derechos de los adultos mayores deben ser explicitados en t\u00e9rminos de posibilitar nuevos y variados causes para seguir sirviendo a la sociedad; convirti\u00e9ndose en un aporte vital para la misma.<\/p>\n<hr \/>\n<p><img loading=\"lazy\" decoding=\"async\" class=\"alignnone wp-image-279 size-full\" title=\"Ing. N\u00e9stor E. Fern\u00e1ndez Presidente de OSMISS\" src=\"https:\/\/osmiss.org.ar\/news2\/wp-content\/uploads\/2018\/05\/fotopresidencia.jpg\" alt=\"Imagen del Ing. N\u00e9stor E. Fern\u00e1ndez\" width=\"150\" height=\"150\" srcset=\"https:\/\/osmiss.org.ar\/news2\/wp-content\/uploads\/2018\/05\/fotopresidencia.jpg 150w, https:\/\/osmiss.org.ar\/news2\/wp-content\/uploads\/2018\/05\/fotopresidencia-60x60.jpg 60w\" sizes=\"auto, (max-width: 150px) 100vw, 150px\" \/><\/p>\n<p><em><strong>Ing. N\u00e9stor E. Fern\u00e1ndez<\/strong><\/em><br \/>\n<em><strong>Presidente de OSMISS<\/strong><\/em><\/p>\n","protected":false},"excerpt":{"rendered":"<p>En el nivel de los adultos mayores se refleja una situaci\u00f3n de vida integrada por su presente, su pasado y su futuro, que comparado con las personas en la etapa de su infancia, su situaci\u00f3n &hellip; <\/p>\n","protected":false},"author":2,"featured_media":780,"comment_status":"closed","ping_status":"open","sticky":false,"template":"","format":"standard","meta":{"om_disable_all_campaigns":false,"_monsterinsights_skip_tracking":false,"_uf_show_specific_survey":0,"_uf_disable_surveys":false,"footnotes":""},"categories":[22],"tags":[],"class_list":["post-675","post","type-post","status-publish","format-standard","has-post-thumbnail","hentry","category-editoriales","grid-sizer"],"aioseo_notices":[],"_links":{"self":[{"href":"https:\/\/osmiss.org.ar\/news2\/wp-json\/wp\/v2\/posts\/675","targetHints":{"allow":["GET"]}}],"collection":[{"href":"https:\/\/osmiss.org.ar\/news2\/wp-json\/wp\/v2\/posts"}],"about":[{"href":"https:\/\/osmiss.org.ar\/news2\/wp-json\/wp\/v2\/types\/post"}],"author":[{"embeddable":true,"href":"https:\/\/osmiss.org.ar\/news2\/wp-json\/wp\/v2\/users\/2"}],"replies":[{"embeddable":true,"href":"https:\/\/osmiss.org.ar\/news2\/wp-json\/wp\/v2\/comments?post=675"}],"version-history":[{"count":2,"href":"https:\/\/osmiss.org.ar\/news2\/wp-json\/wp\/v2\/posts\/675\/revisions"}],"predecessor-version":[{"id":848,"href":"https:\/\/osmiss.org.ar\/news2\/wp-json\/wp\/v2\/posts\/675\/revisions\/848"}],"wp:featuredmedia":[{"embeddable":true,"href":"https:\/\/osmiss.org.ar\/news2\/wp-json\/wp\/v2\/media\/780"}],"wp:attachment":[{"href":"https:\/\/osmiss.org.ar\/news2\/wp-json\/wp\/v2\/media?parent=675"}],"wp:term":[{"taxonomy":"category","embeddable":true,"href":"https:\/\/osmiss.org.ar\/news2\/wp-json\/wp\/v2\/categories?post=675"},{"taxonomy":"post_tag","embeddable":true,"href":"https:\/\/osmiss.org.ar\/news2\/wp-json\/wp\/v2\/tags?post=675"}],"curies":[{"name":"wp","href":"https:\/\/api.w.org\/{rel}","templated":true}]}}