{"id":708,"date":"2021-12-22T15:57:00","date_gmt":"2021-12-22T18:57:00","guid":{"rendered":"https:\/\/osmiss.org.ar\/news2\/?p=708"},"modified":"2022-11-14T13:56:07","modified_gmt":"2022-11-14T16:56:07","slug":"covid-19-variante-delta","status":"publish","type":"post","link":"https:\/\/osmiss.org.ar\/news2\/2021\/12\/22\/covid-19-variante-delta\/","title":{"rendered":"COVID 19 &#8211; Variante DELTA"},"content":{"rendered":"\n<h3 class=\"wp-block-heading\"><span class=\"has-inline-color has-vivid-cyan-blue-color\">La Variante Delta<\/span><\/h3>\n\n\n\n<h2 class=\"wp-block-heading\"><span style=\"color:#006699\" class=\"has-inline-color\">Que \u00e9s y c\u00f3mo actuar?<\/span><\/h2>\n\n\n\n<p class=\"wp-block-paragraph\">Hay diferentes variantes del SARS-COV 2 pero de la que m\u00e1s se habla es la variante Delta.<\/p>\n\n\n\n<p class=\"wp-block-paragraph\">Dicha variante es una combinaci\u00f3n de las diferentes mutaciones en la prote\u00edna de la esp\u00edcula (o espiga), como pueden observar en la imagen de ejemplo aqu\u00ed abajo.<\/p>\n\n\n\n<p class=\"wp-block-paragraph\">Se propaga con mucha m\u00e1s facilidad que las versiones anteriores que conocemos del COVID 19, esto significa que hay m\u00e1s personas que se contagian, se enferman y se hospitalizan por la infecci\u00f3n; ahora bien, ya sabemos que la variante Delta es m\u00e1s transmisible pero la buena noticia es que la vacuna contra COVID 19 brinda protecci\u00f3n en un muy alto porcentaje para las situaciones graves de \u00e9sta peligrosa variante.<\/p>\n\n\n\n<p class=\"wp-block-paragraph\">Otro dato que podemos confirmar a trav\u00e9s de distintas publicaciones a nivel internacional es que una infecci\u00f3n por reca\u00edda es un evento poco frecuente en el que la persona si est\u00e1 completamente vacunada termine contrayendo COVID 19 , y si hay una reca\u00edda \u00e9sta es generalmente asintom\u00e1tica o causa una enfermedad leve.<\/p>\n\n\n\n<h3 class=\"wp-block-heading\"><span class=\"has-inline-color has-vivid-cyan-blue-color\">Efectividad de las Vacunas<\/span><\/h3>\n\n\n\n<p class=\"wp-block-paragraph\">Las vacunas que tenemos disponibles son todas extraordinariamente efectivas contra la hospitalizaci\u00f3n y la enfermedad grave.<\/p>\n\n\n\n<p class=\"wp-block-paragraph\">Hay vacunas que tienen una eficacia por encima del 85% como MODERNA, PFIZER, SPUTNIK&nbsp; para tener manifestaciones cl\u00ednicas&nbsp; y hay otro grupo de vacunas que tienen una eficacia por encima del 60% como SINOPHARM, ASTRAZENECA, JOHNSON &amp; JOHNSON pero se demostr\u00f3 que con la doble dosis absolutamente todas tienen una muy alta eficacia (m\u00e1s del 90%)&nbsp; para evitar la enfermedad grave y mortal.<\/p>\n\n\n\n<p class=\"wp-block-paragraph\">En la actualidad se est\u00e1 evidenciando que el intercambio de plataformas de vacunas parece ser m\u00e1s eficaz en lo que respecta a la cantidad de anticuerpos.<\/p>\n\n\n\n<h3 class=\"wp-block-heading\"><span class=\"has-inline-color has-vivid-cyan-blue-color\">Cu\u00e1les son las distintas plataformas de vacunas?<\/span><\/h3>\n\n\n\n<ul class=\"wp-block-list\"><li><strong><span class=\"has-inline-color has-vivid-red-color\">VIRUS INACTIVADOS:<\/span> <\/strong>SINOPHARM , SINOVAC<\/li><\/ul>\n\n\n\n<ul class=\"wp-block-list\"><li><span class=\"has-inline-color has-vivid-red-color\"><strong>VECTORES VIRALES: <\/strong><\/span>SPUTNIK, ASTRAZENECA,&nbsp;JOHNSON &amp; JOHNSON, CANSINO<\/li><\/ul>\n\n\n\n<ul class=\"wp-block-list\"><li><span class=\"has-inline-color has-vivid-red-color\"><strong>ARNm (ARN MENSAJERO): <\/strong><\/span>PFIZER, MODERNA<\/li><\/ul>\n\n\n\n<p class=\"wp-block-paragraph\">Por ejemplo, si tienen 2 dosis de vector viral , la tercer dosis se recomendar\u00eda utilizar ota plataforma como ARNm o inactivada. El intercambio de plataformas demostr\u00f3 que la inmunidad y los anticuerpos de las personas aumenta cuando se las estimula con diferentes plataformas de vacunas.<\/p>\n\n\n\n<div class=\"wp-block-image\"><figure class=\"aligncenter size-full\"><img loading=\"lazy\" decoding=\"async\" width=\"238\" height=\"152\" src=\"https:\/\/osmiss.org.ar\/news2\/wp-content\/uploads\/2022\/02\/variante-delta-5a.jpg\" alt=\"\" class=\"wp-image-714\" srcset=\"https:\/\/osmiss.org.ar\/news2\/wp-content\/uploads\/2022\/02\/variante-delta-5a.jpg 238w, https:\/\/osmiss.org.ar\/news2\/wp-content\/uploads\/2022\/02\/variante-delta-5a-94x60.jpg 94w\" sizes=\"auto, (max-width: 238px) 100vw, 238px\" \/><\/figure><\/div>\n\n\n\n<p class=\"wp-block-paragraph\"><\/p>\n\n\n\n<h3 class=\"wp-block-heading\"><span class=\"has-inline-color has-vivid-cyan-blue-color\">CONCLUSI\u00d3N<\/span><\/h3>\n\n\n\n<p class=\"wp-block-paragraph\">El hecho de saber que una persona vacunada ( inclusive ni\u00f1os) puede transmitir el COVID 19 a otra persona es una de las principales razones en la que se basa la recomendaci\u00f3n de que las personas vacunadas sigan utilizando un barbijo o tapabocas si se encuentran en zonas cerradas, donde puede haber gran propagaci\u00f3n del virus.<\/p>\n\n\n\n<p class=\"wp-block-paragraph\">La pandemia no termin\u00f3, a\u00fan hay variante delta circulando por lo que los casos pueden aumentar pero estamos en un proceso transicional de una pandemia (enfermedades que se propagan y que afecta a varios continentes), a una endemia (enfermedades que afectan habitualmente o en \u00e9pocas a un pa\u00eds o regi\u00f3n) y cuando logremos ese objetivo esta enfermedad ser\u00e1 como la gripe, que aparece en alg\u00fan momento y genera manifestaciones cl\u00ednicas, pero nada significativo; para ello si no te has vacunado a\u00fan, te recomendamos que lo hagas. Es lo mejor que podemos ofrecer para protegerte en este momento.<\/p>\n\n\n\n<p class=\"wp-block-paragraph\">Un barbijo y un esquema completo de vacunaci\u00f3n son s\u00edmbolos m\u00e9dicos de cuidar de s\u00ed mismo y los dem\u00e1s.<\/p>\n\n\n\n<p class=\"wp-block-paragraph\">Muchas gracias.<\/p>\n\n\n\n<div style=\"height:100px\" aria-hidden=\"true\" class=\"wp-block-spacer\"><\/div>\n\n\n\n<h5 class=\"wp-block-heading\">&#8212; Autores &#8212;&#8212;&#8212;<\/h5>\n\n\n\n<div class=\"wp-block-columns is-layout-flex wp-container-core-columns-is-layout-8f761849 wp-block-columns-is-layout-flex\">\n<div class=\"wp-block-column is-layout-flow wp-block-column-is-layout-flow\">\n<figure class=\"wp-block-image size-full\"><img loading=\"lazy\" decoding=\"async\" width=\"400\" height=\"130\" src=\"https:\/\/osmiss.org.ar\/news2\/wp-content\/uploads\/2022\/06\/autor-ing-fernandez.jpg\" alt=\"Ing. N\u00e9stor Fern\u00e1ndez\" class=\"wp-image-949\" srcset=\"https:\/\/osmiss.org.ar\/news2\/wp-content\/uploads\/2022\/06\/autor-ing-fernandez.jpg 400w, https:\/\/osmiss.org.ar\/news2\/wp-content\/uploads\/2022\/06\/autor-ing-fernandez-300x98.jpg 300w, https:\/\/osmiss.org.ar\/news2\/wp-content\/uploads\/2022\/06\/autor-ing-fernandez-185x60.jpg 185w\" sizes=\"auto, (max-width: 400px) 100vw, 400px\" \/><\/figure>\n<\/div>\n\n\n\n<div class=\"wp-block-column is-layout-flow wp-block-column-is-layout-flow\">\n<figure class=\"wp-block-image size-full\"><a href=\"https:\/\/www.funsalud.org.ar\/\"><img loading=\"lazy\" decoding=\"async\" width=\"400\" height=\"130\" src=\"https:\/\/osmiss.org.ar\/news2\/wp-content\/uploads\/2022\/06\/autor-dr-nuri-1.jpg\" alt=\"Dr. Marcelo Nuri\" class=\"wp-image-950\" srcset=\"https:\/\/osmiss.org.ar\/news2\/wp-content\/uploads\/2022\/06\/autor-dr-nuri-1.jpg 400w, https:\/\/osmiss.org.ar\/news2\/wp-content\/uploads\/2022\/06\/autor-dr-nuri-1-300x98.jpg 300w, https:\/\/osmiss.org.ar\/news2\/wp-content\/uploads\/2022\/06\/autor-dr-nuri-1-185x60.jpg 185w\" sizes=\"auto, (max-width: 400px) 100vw, 400px\" \/><\/a><\/figure>\n<\/div>\n<\/div>\n\n\n\n<p class=\"wp-block-paragraph\"><\/p>\n","protected":false},"excerpt":{"rendered":"<p>La Variante Delta Que \u00e9s y c\u00f3mo actuar? Hay diferentes variantes del SARS-COV 2 pero de la que m\u00e1s se habla es la variante Delta. Dicha variante es una combinaci\u00f3n de las diferentes mutaciones en &hellip; <\/p>\n","protected":false},"author":4,"featured_media":709,"comment_status":"closed","ping_status":"closed","sticky":false,"template":"","format":"standard","meta":{"om_disable_all_campaigns":false,"_monsterinsights_skip_tracking":false,"_uf_show_specific_survey":0,"_uf_disable_surveys":false,"footnotes":""},"categories":[23,26],"tags":[5,6,61,111,114,8,145],"class_list":["post-708","post","type-post","status-publish","format-standard","has-post-thumbnail","hentry","category-campanadeprevencion","category-promociondelasalud","tag-covid","tag-covid-19","tag-cuidado-de-la-salud","tag-prevencion","tag-promocion-y-prevencion","tag-vacunacion","tag-variante-delta","grid-sizer"],"aioseo_notices":[],"_links":{"self":[{"href":"https:\/\/osmiss.org.ar\/news2\/wp-json\/wp\/v2\/posts\/708","targetHints":{"allow":["GET"]}}],"collection":[{"href":"https:\/\/osmiss.org.ar\/news2\/wp-json\/wp\/v2\/posts"}],"about":[{"href":"https:\/\/osmiss.org.ar\/news2\/wp-json\/wp\/v2\/types\/post"}],"author":[{"embeddable":true,"href":"https:\/\/osmiss.org.ar\/news2\/wp-json\/wp\/v2\/users\/4"}],"replies":[{"embeddable":true,"href":"https:\/\/osmiss.org.ar\/news2\/wp-json\/wp\/v2\/comments?post=708"}],"version-history":[{"count":4,"href":"https:\/\/osmiss.org.ar\/news2\/wp-json\/wp\/v2\/posts\/708\/revisions"}],"predecessor-version":[{"id":715,"href":"https:\/\/osmiss.org.ar\/news2\/wp-json\/wp\/v2\/posts\/708\/revisions\/715"}],"wp:featuredmedia":[{"embeddable":true,"href":"https:\/\/osmiss.org.ar\/news2\/wp-json\/wp\/v2\/media\/709"}],"wp:attachment":[{"href":"https:\/\/osmiss.org.ar\/news2\/wp-json\/wp\/v2\/media?parent=708"}],"wp:term":[{"taxonomy":"category","embeddable":true,"href":"https:\/\/osmiss.org.ar\/news2\/wp-json\/wp\/v2\/categories?post=708"},{"taxonomy":"post_tag","embeddable":true,"href":"https:\/\/osmiss.org.ar\/news2\/wp-json\/wp\/v2\/tags?post=708"}],"curies":[{"name":"wp","href":"https:\/\/api.w.org\/{rel}","templated":true}]}}