{"id":716,"date":"2021-12-08T10:36:00","date_gmt":"2021-12-08T13:36:00","guid":{"rendered":"https:\/\/osmiss.org.ar\/news2\/?p=716"},"modified":"2025-07-24T13:56:40","modified_gmt":"2025-07-24T16:56:40","slug":"telefonos-utiles","status":"publish","type":"post","link":"https:\/\/osmiss.org.ar\/news2\/2021\/12\/08\/telefonos-utiles\/","title":{"rendered":"TELEFONOS UTILES"},"content":{"rendered":"\n<p class=\"wp-block-paragraph\"><\/p>\n\n\n\n<p class=\"wp-block-paragraph\">Les ofrecemos esta versi\u00f3n <em>resumen<\/em>, con formato de hoja A4, para tener siempre presente. Tambi\u00e9n le recomendamos imprimir para dejar en un lugar visible.<\/p>\n\n\n\n<div data-wp-interactive=\"core\/file\" class=\"wp-block-file\"><object data-wp-bind--hidden=\"!state.hasPdfPreview\" hidden class=\"wp-block-file__embed\" data=\"https:\/\/osmiss.org.ar\/news2\/wp-content\/uploads\/2022\/11\/telefonos.pdf\" type=\"application\/pdf\" style=\"width:100%;height:600px\" aria-label=\"Incrustado de telefonos.\"><\/object><a id=\"wp-block-file--media-58059d8c-fa57-472d-980f-364c36b33b75\" href=\"https:\/\/osmiss.org.ar\/news2\/wp-content\/uploads\/2022\/11\/telefonos.pdf\">telefonos<\/a><a href=\"https:\/\/osmiss.org.ar\/news2\/wp-content\/uploads\/2022\/11\/telefonos.pdf\" class=\"wp-block-file__button wp-element-button\" download aria-describedby=\"wp-block-file--media-58059d8c-fa57-472d-980f-364c36b33b75\">Descarga<\/a><\/div>\n\n\n\n<div style=\"height:100px\" aria-hidden=\"true\" class=\"wp-block-spacer\"><\/div>\n\n\n\n<div class=\"wp-block-columns is-layout-flex wp-container-core-columns-is-layout-8f761849 wp-block-columns-is-layout-flex\">\n<div class=\"wp-block-column is-layout-flow wp-block-column-is-layout-flow\" style=\"flex-basis:33.33%\"><div class=\"wp-block-image\">\n<figure class=\"aligncenter size-full is-resized\"><img loading=\"lazy\" decoding=\"async\" width=\"512\" height=\"512\" src=\"https:\/\/osmiss.org.ar\/news2\/wp-content\/uploads\/2022\/02\/911.png\" alt=\"\" class=\"wp-image-724\" style=\"width:150px;height:150px\" srcset=\"https:\/\/osmiss.org.ar\/news2\/wp-content\/uploads\/2022\/02\/911.png 512w, https:\/\/osmiss.org.ar\/news2\/wp-content\/uploads\/2022\/02\/911-300x300.png 300w, https:\/\/osmiss.org.ar\/news2\/wp-content\/uploads\/2022\/02\/911-150x150.png 150w, https:\/\/osmiss.org.ar\/news2\/wp-content\/uploads\/2022\/02\/911-60x60.png 60w\" sizes=\"auto, (max-width: 512px) 100vw, 512px\" \/><\/figure>\n<\/div><\/div>\n\n\n\n<div class=\"wp-block-column is-layout-flow wp-block-column-is-layout-flow\" style=\"flex-basis:66.66%\">\n<div class=\"wp-block-columns is-layout-flex wp-container-core-columns-is-layout-8f761849 wp-block-columns-is-layout-flex\">\n<div class=\"wp-block-column is-layout-flow wp-block-column-is-layout-flow\" style=\"flex-basis:33.33%\">\n<h1 class=\"wp-block-heading has-text-align-center\">911<\/h1>\n<\/div>\n\n\n\n<div class=\"wp-block-column is-layout-flow wp-block-column-is-layout-flow\" style=\"flex-basis:66.66%\">\n<h1 class=\"wp-block-heading\">EMERGENCIAS<\/h1>\n\n\n\n<p class=\"wp-block-paragraph\"><strong>\u00bfCu\u00e1ndo debo llamar al 911?<\/strong><\/p>\n\n\n\n<p class=\"wp-block-paragraph\">Ten\u00e9s que llamar cuando est\u00e9s en una situaci\u00f3n que tu VIDA o la de otras personas est\u00e9 EN PELIGRO. A eso llamamos EMERGENCIA. Desde el 911, se derivar\u00e1 toda la informaci\u00f3n que aportes para que la ayuda de Polic\u00eda, Ambulancia, Bomberos, Prefectura Naval y\/o Defensa Civil llegue al lugar.<\/p>\n<\/div>\n<\/div>\n<\/div>\n<\/div>\n\n\n\n<hr class=\"wp-block-separator has-css-opacity is-style-wide\"\/>\n\n\n\n<div class=\"wp-block-columns is-layout-flex wp-container-core-columns-is-layout-8f761849 wp-block-columns-is-layout-flex\">\n<div class=\"wp-block-column is-layout-flow wp-block-column-is-layout-flow\" style=\"flex-basis:33.33%\"><div class=\"wp-block-image\">\n<figure class=\"aligncenter size-full\"><img loading=\"lazy\" decoding=\"async\" width=\"144\" height=\"130\" src=\"https:\/\/osmiss.org.ar\/news2\/wp-content\/uploads\/2022\/02\/bomberos000.png\" alt=\"\" class=\"wp-image-717\" srcset=\"https:\/\/osmiss.org.ar\/news2\/wp-content\/uploads\/2022\/02\/bomberos000.png 144w, https:\/\/osmiss.org.ar\/news2\/wp-content\/uploads\/2022\/02\/bomberos000-66x60.png 66w\" sizes=\"auto, (max-width: 144px) 100vw, 144px\" \/><\/figure>\n<\/div><\/div>\n\n\n\n<div class=\"wp-block-column is-layout-flow wp-block-column-is-layout-flow\" style=\"flex-basis:66.66%\">\n<div class=\"wp-block-columns is-layout-flex wp-container-core-columns-is-layout-8f761849 wp-block-columns-is-layout-flex\">\n<div class=\"wp-block-column is-layout-flow wp-block-column-is-layout-flow\" style=\"flex-basis:33.33%\">\n<h1 class=\"wp-block-heading has-text-align-center\">100 <\/h1>\n<\/div>\n\n\n\n<div class=\"wp-block-column is-layout-flow wp-block-column-is-layout-flow\" style=\"flex-basis:66.66%\">\n<h1 class=\"wp-block-heading\">BOMBEROS<\/h1>\n\n\n\n<p class=\"wp-block-paragraph\"><strong>Atenci\u00f3n permanente las 24 hs.<\/strong><\/p>\n\n\n\n<p class=\"wp-block-paragraph\">Atenci\u00f3n de emergencias, accidentes.<\/p>\n<\/div>\n<\/div>\n<\/div>\n<\/div>\n\n\n\n<hr class=\"wp-block-separator has-css-opacity is-style-wide\"\/>\n\n\n\n<div class=\"wp-block-columns is-layout-flex wp-container-core-columns-is-layout-8f761849 wp-block-columns-is-layout-flex\">\n<div class=\"wp-block-column is-layout-flow wp-block-column-is-layout-flow\" style=\"flex-basis:33.33%\"><div class=\"wp-block-image\">\n<figure class=\"aligncenter size-full\"><img loading=\"lazy\" decoding=\"async\" width=\"144\" height=\"130\" src=\"https:\/\/osmiss.org.ar\/news2\/wp-content\/uploads\/2022\/02\/policia000.png\" alt=\"\" class=\"wp-image-718\" srcset=\"https:\/\/osmiss.org.ar\/news2\/wp-content\/uploads\/2022\/02\/policia000.png 144w, https:\/\/osmiss.org.ar\/news2\/wp-content\/uploads\/2022\/02\/policia000-66x60.png 66w\" sizes=\"auto, (max-width: 144px) 100vw, 144px\" \/><\/figure>\n<\/div><\/div>\n\n\n\n<div class=\"wp-block-column is-layout-flow wp-block-column-is-layout-flow\" style=\"flex-basis:66.66%\">\n<div class=\"wp-block-columns is-layout-flex wp-container-core-columns-is-layout-8f761849 wp-block-columns-is-layout-flex\">\n<div class=\"wp-block-column is-layout-flow wp-block-column-is-layout-flow\" style=\"flex-basis:33.33%\">\n<h1 class=\"wp-block-heading has-text-align-center\">101<\/h1>\n<\/div>\n\n\n\n<div class=\"wp-block-column is-layout-flow wp-block-column-is-layout-flow\" style=\"flex-basis:66.66%\">\n<h1 class=\"wp-block-heading\">POLICIA<\/h1>\n\n\n\n<p class=\"wp-block-paragraph\"><strong>Atenci\u00f3n permanente las 24 hs.<\/strong><\/p>\n\n\n\n<p class=\"wp-block-paragraph\">Comunicaci\u00f3n directa y gratuita para todo pedido de auxilio en casos de emergencias, asaltos y robos.<\/p>\n<\/div>\n<\/div>\n<\/div>\n<\/div>\n\n\n\n<hr class=\"wp-block-separator has-css-opacity is-style-wide\"\/>\n\n\n\n<div class=\"wp-block-columns is-layout-flex wp-container-core-columns-is-layout-8f761849 wp-block-columns-is-layout-flex\">\n<div class=\"wp-block-column is-layout-flow wp-block-column-is-layout-flow\" style=\"flex-basis:33.33%\"><div class=\"wp-block-image\">\n<figure class=\"aligncenter size-full is-resized\"><img loading=\"lazy\" decoding=\"async\" width=\"460\" height=\"464\" src=\"https:\/\/osmiss.org.ar\/news2\/wp-content\/uploads\/2022\/02\/ninos.jpg\" alt=\"\" class=\"wp-image-719\" style=\"width:153px;height:153px\" srcset=\"https:\/\/osmiss.org.ar\/news2\/wp-content\/uploads\/2022\/02\/ninos.jpg 460w, https:\/\/osmiss.org.ar\/news2\/wp-content\/uploads\/2022\/02\/ninos-297x300.jpg 297w, https:\/\/osmiss.org.ar\/news2\/wp-content\/uploads\/2022\/02\/ninos-150x150.jpg 150w, https:\/\/osmiss.org.ar\/news2\/wp-content\/uploads\/2022\/02\/ninos-59x60.jpg 59w\" sizes=\"auto, (max-width: 460px) 100vw, 460px\" \/><\/figure>\n<\/div><\/div>\n\n\n\n<div class=\"wp-block-column is-layout-flow wp-block-column-is-layout-flow\" style=\"flex-basis:66.66%\">\n<div class=\"wp-block-columns is-layout-flex wp-container-core-columns-is-layout-8f761849 wp-block-columns-is-layout-flex\">\n<div class=\"wp-block-column is-layout-flow wp-block-column-is-layout-flow\" style=\"flex-basis:33.33%\">\n<h1 class=\"wp-block-heading has-text-align-center\">102<\/h1>\n<\/div>\n\n\n\n<div class=\"wp-block-column is-layout-flow wp-block-column-is-layout-flow\" style=\"flex-basis:66.66%\">\n<h1 class=\"wp-block-heading\">Tel\u00e9fono de los chicos<\/h1>\n\n\n\n<p class=\"wp-block-paragraph\"><strong>Atenci\u00f3n permanente las 24 hs.<\/strong><\/p>\n\n\n\n<p class=\"wp-block-paragraph\">L\u00ednea gratuita para realizar consultas y denuncias vinculadas a problem\u00e1ticas de la infancia.<\/p>\n<\/div>\n<\/div>\n<\/div>\n<\/div>\n\n\n\n<hr class=\"wp-block-separator has-css-opacity is-style-wide\"\/>\n\n\n\n<div class=\"wp-block-columns is-layout-flex wp-container-core-columns-is-layout-8f761849 wp-block-columns-is-layout-flex\">\n<div class=\"wp-block-column is-layout-flow wp-block-column-is-layout-flow\" style=\"flex-basis:33.33%\"><\/div>\n\n\n\n<div class=\"wp-block-column is-layout-flow wp-block-column-is-layout-flow\" style=\"flex-basis:66.66%\">\n<div class=\"wp-block-columns is-layout-flex wp-container-core-columns-is-layout-8f761849 wp-block-columns-is-layout-flex\">\n<div class=\"wp-block-column is-layout-flow wp-block-column-is-layout-flow\" style=\"flex-basis:33.33%\">\n<h1 class=\"wp-block-heading has-text-align-center\">103<\/h1>\n<\/div>\n\n\n\n<div class=\"wp-block-column is-layout-flow wp-block-column-is-layout-flow\" style=\"flex-basis:66.66%\">\n<h1 class=\"wp-block-heading\">DEFENSA CIVIL<\/h1>\n\n\n\n<p class=\"wp-block-paragraph\"><strong>Atenci\u00f3n permanente las 24 hs.<\/strong><\/p>\n\n\n\n<p class=\"wp-block-paragraph\">Act\u00faa ante inundaciones, accidentes en la v\u00eda p\u00fablica, derrame de sustancias t\u00f3xicas, etc.<\/p>\n\n\n\n<p class=\"wp-block-paragraph\">Servicio gratuito de ambulancias y atenci\u00f3n m\u00e9dica de urgencia que cubre toda la Ciudad.<\/p>\n<\/div>\n<\/div>\n<\/div>\n<\/div>\n\n\n\n<hr class=\"wp-block-separator has-css-opacity is-style-wide\"\/>\n\n\n\n<div class=\"wp-block-columns is-layout-flex wp-container-core-columns-is-layout-8f761849 wp-block-columns-is-layout-flex\">\n<div class=\"wp-block-column is-layout-flow wp-block-column-is-layout-flow\" style=\"flex-basis:33.33%\"><div class=\"wp-block-image\">\n<figure class=\"aligncenter size-full is-resized\"><img loading=\"lazy\" decoding=\"async\" width=\"600\" height=\"200\" src=\"https:\/\/osmiss.org.ar\/news2\/wp-content\/uploads\/2022\/02\/SAME.jpg\" alt=\"\" class=\"wp-image-720\" style=\"width:194px;height:64px\" srcset=\"https:\/\/osmiss.org.ar\/news2\/wp-content\/uploads\/2022\/02\/SAME.jpg 600w, https:\/\/osmiss.org.ar\/news2\/wp-content\/uploads\/2022\/02\/SAME-300x100.jpg 300w, https:\/\/osmiss.org.ar\/news2\/wp-content\/uploads\/2022\/02\/SAME-180x60.jpg 180w\" sizes=\"auto, (max-width: 600px) 100vw, 600px\" \/><\/figure>\n<\/div><\/div>\n\n\n\n<div class=\"wp-block-column is-layout-flow wp-block-column-is-layout-flow\" style=\"flex-basis:66.66%\">\n<div class=\"wp-block-columns is-layout-flex wp-container-core-columns-is-layout-8f761849 wp-block-columns-is-layout-flex\">\n<div class=\"wp-block-column is-layout-flow wp-block-column-is-layout-flow\" style=\"flex-basis:33.33%\">\n<h1 class=\"wp-block-heading has-text-align-center\">107<\/h1>\n<\/div>\n\n\n\n<div class=\"wp-block-column is-layout-flow wp-block-column-is-layout-flow\" style=\"flex-basis:66.66%\">\n<h1 class=\"wp-block-heading\">SAME Emergencias<\/h1>\n\n\n\n<p class=\"wp-block-paragraph\"><strong>Atenci\u00f3n permanente las 24 hs.<\/strong><\/p>\n\n\n\n<p class=\"wp-block-paragraph\">Comunicaci\u00f3n directa y gratuita para todo El Sistema de Atenci\u00f3n M\u00e9dica de Emergencias es un servicio p\u00fablico gratuito de atenci\u00f3n m\u00e9dica de urgencias y emergencias, tanto individuales como colectivas.<\/p>\n<\/div>\n<\/div>\n<\/div>\n<\/div>\n\n\n\n<hr class=\"wp-block-separator has-css-opacity is-style-wide\"\/>\n\n\n\n<div class=\"wp-block-columns is-layout-flex wp-container-core-columns-is-layout-8f761849 wp-block-columns-is-layout-flex\">\n<div class=\"wp-block-column is-layout-flow wp-block-column-is-layout-flow\" style=\"flex-basis:33.33%\"><\/div>\n\n\n\n<div class=\"wp-block-column is-layout-flow wp-block-column-is-layout-flow\" style=\"flex-basis:66.66%\">\n<div class=\"wp-block-columns is-layout-flex wp-container-core-columns-is-layout-8f761849 wp-block-columns-is-layout-flex\">\n<div class=\"wp-block-column is-layout-flow wp-block-column-is-layout-flow\" style=\"flex-basis:33.33%\">\n<h1 class=\"wp-block-heading has-text-align-center\">108<\/h1>\n<\/div>\n\n\n\n<div class=\"wp-block-column is-layout-flow wp-block-column-is-layout-flow\" style=\"flex-basis:66.66%\">\n<h1 class=\"wp-block-heading\">LINEA SOCIAL<\/h1>\n\n\n\n<p class=\"wp-block-paragraph\"><strong>Atenci\u00f3n permanente las 24 hs.<\/strong><\/p>\n\n\n\n<p class=\"wp-block-paragraph\">Orientaci\u00f3n y asesoramiento sobre programas sociales. Asesoramiento integral Programa Ciudadan\u00eda Porte\u00f1a. Recepci\u00f3n de solicitudes para derivaci\u00f3n de casos de personas y\/o poblaciones en situaci\u00f3n de riesgo, emergencia y\/o vulnerabilidad social.<\/p>\n<\/div>\n<\/div>\n<\/div>\n<\/div>\n\n\n\n<hr class=\"wp-block-separator has-css-opacity is-style-wide\"\/>\n\n\n\n<div class=\"wp-block-columns is-layout-flex wp-container-core-columns-is-layout-8f761849 wp-block-columns-is-layout-flex\">\n<div class=\"wp-block-column is-layout-flow wp-block-column-is-layout-flow\" style=\"flex-basis:33.33%\"><div class=\"wp-block-image\">\n<figure class=\"aligncenter size-full is-resized\"><img loading=\"lazy\" decoding=\"async\" width=\"203\" height=\"236\" src=\"https:\/\/osmiss.org.ar\/news2\/wp-content\/uploads\/2022\/02\/Copia-de-basta.jpg\" alt=\"\" class=\"wp-image-721\" style=\"width:116px;height:135px\" srcset=\"https:\/\/osmiss.org.ar\/news2\/wp-content\/uploads\/2022\/02\/Copia-de-basta.jpg 203w, https:\/\/osmiss.org.ar\/news2\/wp-content\/uploads\/2022\/02\/Copia-de-basta-52x60.jpg 52w\" sizes=\"auto, (max-width: 203px) 100vw, 203px\" \/><\/figure>\n<\/div><\/div>\n\n\n\n<div class=\"wp-block-column is-layout-flow wp-block-column-is-layout-flow\" style=\"flex-basis:66.66%\">\n<div class=\"wp-block-columns is-layout-flex wp-container-core-columns-is-layout-8f761849 wp-block-columns-is-layout-flex\">\n<div class=\"wp-block-column is-layout-flow wp-block-column-is-layout-flow\" style=\"flex-basis:33.33%\">\n<h1 class=\"wp-block-heading has-text-align-center\">137<\/h1>\n<\/div>\n\n\n\n<div class=\"wp-block-column is-layout-flow wp-block-column-is-layout-flow\" style=\"flex-basis:66.66%\">\n<h1 class=\"wp-block-heading\">Violencia Dom\u00e9stica o Intrafamiliar<\/h1>\n\n\n\n<p class=\"wp-block-paragraph\">La violencia intrafamiliar es entendida como toda acci\u00f3n u omisi\u00f3n cometida por alg\u00fan miembro de la familia en relaci\u00f3n de poder, sin importar el espacio f\u00edsico donde ocurra, que perjudique el bienestar, la integridad f\u00edsica, psicol\u00f3gica o la libertad y el derecho al pleno desarrollo de otro miembro de la familia; (violencias f\u00edsica, sexual, psicol\u00f3gica y econ\u00f3mica, sea que se presenten de manera conjunta o no).<\/p>\n<\/div>\n<\/div>\n<\/div>\n<\/div>\n\n\n\n<hr class=\"wp-block-separator has-css-opacity is-style-wide\"\/>\n\n\n\n<div class=\"wp-block-columns is-layout-flex wp-container-core-columns-is-layout-8f761849 wp-block-columns-is-layout-flex\">\n<div class=\"wp-block-column is-layout-flow wp-block-column-is-layout-flow\" style=\"flex-basis:33.33%\"><div class=\"wp-block-image\">\n<figure class=\"aligncenter size-full is-resized\"><img loading=\"lazy\" decoding=\"async\" width=\"158\" height=\"454\" src=\"https:\/\/osmiss.org.ar\/news2\/wp-content\/uploads\/2022\/02\/mujer002.jpg\" alt=\"\" class=\"wp-image-722\" style=\"width:77px;height:220px\" srcset=\"https:\/\/osmiss.org.ar\/news2\/wp-content\/uploads\/2022\/02\/mujer002.jpg 158w, https:\/\/osmiss.org.ar\/news2\/wp-content\/uploads\/2022\/02\/mujer002-104x300.jpg 104w, https:\/\/osmiss.org.ar\/news2\/wp-content\/uploads\/2022\/02\/mujer002-21x60.jpg 21w\" sizes=\"auto, (max-width: 158px) 100vw, 158px\" \/><\/figure>\n<\/div><\/div>\n\n\n\n<div class=\"wp-block-column is-layout-flow wp-block-column-is-layout-flow\" style=\"flex-basis:66.66%\">\n<div class=\"wp-block-columns is-layout-flex wp-container-core-columns-is-layout-8f761849 wp-block-columns-is-layout-flex\">\n<div class=\"wp-block-column is-layout-flow wp-block-column-is-layout-flow\" style=\"flex-basis:33.33%\">\n<h1 class=\"wp-block-heading has-text-align-center\">144<\/h1>\n<\/div>\n\n\n\n<div class=\"wp-block-column is-layout-flow wp-block-column-is-layout-flow\" style=\"flex-basis:66.66%\">\n<h1 class=\"wp-block-heading\">MUJER<\/h1>\n\n\n\n<p class=\"wp-block-paragraph\"><strong>Atenci\u00f3n las 24 hs. a mujeres v\u00edctimas de violencia de g\u00e9nero.<\/strong><\/p>\n\n\n\n<p class=\"wp-block-paragraph\">Los profesionales dan orientaci\u00f3n e informan sobre los recursos disponibles. Se deriva a la consultante a los servicios sociales, legales y terap\u00e9uticos que el Gobierno brinda.<\/p>\n<\/div>\n<\/div>\n<\/div>\n<\/div>\n\n\n\n<hr class=\"wp-block-separator has-css-opacity is-style-wide\"\/>\n\n\n\n<div class=\"wp-block-columns is-layout-flex wp-container-core-columns-is-layout-8f761849 wp-block-columns-is-layout-flex\">\n<div class=\"wp-block-column is-layout-flow wp-block-column-is-layout-flow\" style=\"flex-basis:33.33%\"><div class=\"wp-block-image\">\n<figure class=\"aligncenter size-large\"><img loading=\"lazy\" decoding=\"async\" width=\"1024\" height=\"797\" src=\"https:\/\/osmiss.org.ar\/news2\/wp-content\/uploads\/2022\/02\/AXKQU7JC7NJDTHH42V6J3ACFXY-1024x797.jpg\" alt=\"\" class=\"wp-image-723\" srcset=\"https:\/\/osmiss.org.ar\/news2\/wp-content\/uploads\/2022\/02\/AXKQU7JC7NJDTHH42V6J3ACFXY-1024x797.jpg 1024w, https:\/\/osmiss.org.ar\/news2\/wp-content\/uploads\/2022\/02\/AXKQU7JC7NJDTHH42V6J3ACFXY-300x234.jpg 300w, https:\/\/osmiss.org.ar\/news2\/wp-content\/uploads\/2022\/02\/AXKQU7JC7NJDTHH42V6J3ACFXY-768x598.jpg 768w, https:\/\/osmiss.org.ar\/news2\/wp-content\/uploads\/2022\/02\/AXKQU7JC7NJDTHH42V6J3ACFXY-77x60.jpg 77w, https:\/\/osmiss.org.ar\/news2\/wp-content\/uploads\/2022\/02\/AXKQU7JC7NJDTHH42V6J3ACFXY.jpg 1200w\" sizes=\"auto, (max-width: 1024px) 100vw, 1024px\" \/><\/figure>\n<\/div><\/div>\n\n\n\n<div class=\"wp-block-column is-layout-flow wp-block-column-is-layout-flow\" style=\"flex-basis:66.66%\">\n<div class=\"wp-block-columns is-layout-flex wp-container-core-columns-is-layout-8f761849 wp-block-columns-is-layout-flex\">\n<div class=\"wp-block-column is-layout-flow wp-block-column-is-layout-flow\" style=\"flex-basis:33.33%\">\n<h1 class=\"wp-block-heading has-text-align-center\">145<\/h1>\n<\/div>\n\n\n\n<div class=\"wp-block-column is-layout-flow wp-block-column-is-layout-flow\" style=\"flex-basis:66.66%\">\n<h1 class=\"wp-block-heading\">TRATA DE PERSONAS<\/h1>\n\n\n\n<p class=\"wp-block-paragraph\"><strong>Atenci\u00f3n permanente las 24 hs.<\/strong><\/p>\n\n\n\n<p class=\"wp-block-paragraph\">Prevenir o denunciar la violaci\u00f3n a los Derechos Humanos que implica el enga\u00f1o, reclutamiento, transporte y explotaci\u00f3n de una persona con fines sexuales, trabajo forzoso o alguna otra pr\u00e1ctica an\u00e1loga a la esclavitud.<\/p>\n<\/div>\n<\/div>\n<\/div>\n<\/div>\n\n\n\n<hr class=\"wp-block-separator has-css-opacity is-style-wide\"\/>\n\n\n\n<div class=\"wp-block-columns is-layout-flex wp-container-core-columns-is-layout-8f761849 wp-block-columns-is-layout-flex\">\n<div class=\"wp-block-column is-layout-flow wp-block-column-is-layout-flow\" style=\"flex-basis:33.33%\"><div class=\"wp-block-image\">\n<figure class=\"aligncenter size-full is-resized\"><img loading=\"lazy\" decoding=\"async\" width=\"224\" height=\"349\" src=\"https:\/\/osmiss.org.ar\/news2\/wp-content\/uploads\/2022\/02\/ive-1.jpg\" alt=\"\" class=\"wp-image-726\" style=\"width:-98px;height:-153px\" srcset=\"https:\/\/osmiss.org.ar\/news2\/wp-content\/uploads\/2022\/02\/ive-1.jpg 224w, https:\/\/osmiss.org.ar\/news2\/wp-content\/uploads\/2022\/02\/ive-1-193x300.jpg 193w, https:\/\/osmiss.org.ar\/news2\/wp-content\/uploads\/2022\/02\/ive-1-39x60.jpg 39w\" sizes=\"auto, (max-width: 224px) 100vw, 224px\" \/><\/figure>\n<\/div><\/div>\n\n\n\n<div class=\"wp-block-column is-layout-flow wp-block-column-is-layout-flow\" style=\"flex-basis:66.66%\">\n<div class=\"wp-block-columns is-layout-flex wp-container-core-columns-is-layout-8f761849 wp-block-columns-is-layout-flex\">\n<div class=\"wp-block-column is-layout-flow wp-block-column-is-layout-flow\" style=\"flex-basis:33.33%\">\n<h2 class=\"wp-block-heading has-text-align-center\">L\u00ednea salud sexual <\/h2>\n\n\n\n<h1 class=\"wp-block-heading has-text-align-center\">0800 222 3444<\/h1>\n<\/div>\n\n\n\n<div class=\"wp-block-column is-layout-flow wp-block-column-is-layout-flow\" style=\"flex-basis:66.66%\">\n<h1 class=\"wp-block-heading\">INTERRUPCI\u00d3N VOLUNTARIA DEL EMBARAZO<\/h1>\n\n\n\n<p class=\"wp-block-paragraph\">La Ley 27.610 regula el acceso a la interrupci\u00f3n voluntaria y legal del embarazo y a la atenci\u00f3n postaborto de todas las personas con capacidad de gestar. Es de aplicaci\u00f3n obligatoria en todo el pa\u00eds.<\/p>\n<\/div>\n<\/div>\n<\/div>\n<\/div>\n\n\n\n<div class=\"wp-block-group\"><div class=\"wp-block-group__inner-container is-layout-constrained wp-block-group-is-layout-constrained\">\n<hr class=\"wp-block-separator has-text-color has-vivid-cyan-blue-color has-alpha-channel-opacity has-vivid-cyan-blue-background-color has-background\"\/>\n\n\n\n<div class=\"wp-block-columns is-layout-flex wp-container-core-columns-is-layout-8f761849 wp-block-columns-is-layout-flex\">\n<div class=\"wp-block-column is-layout-flow wp-block-column-is-layout-flow\" style=\"flex-basis:33.33%\">\n<figure class=\"wp-block-image size-full is-resized\"><img loading=\"lazy\" decoding=\"async\" width=\"400\" height=\"300\" src=\"https:\/\/osmiss.org.ar\/news2\/wp-content\/uploads\/2021\/08\/logo-osmiss_logo2.jpg\" alt=\"\" class=\"wp-image-682\" style=\"width:226px;height:auto\" srcset=\"https:\/\/osmiss.org.ar\/news2\/wp-content\/uploads\/2021\/08\/logo-osmiss_logo2.jpg 400w, https:\/\/osmiss.org.ar\/news2\/wp-content\/uploads\/2021\/08\/logo-osmiss_logo2-300x225.jpg 300w, https:\/\/osmiss.org.ar\/news2\/wp-content\/uploads\/2021\/08\/logo-osmiss_logo2-80x60.jpg 80w\" sizes=\"auto, (max-width: 400px) 100vw, 400px\" \/><\/figure>\n<\/div>\n\n\n\n<div class=\"wp-block-column is-vertically-aligned-center is-layout-flow wp-block-column-is-layout-flow\" style=\"flex-basis:66.66%\">\n<p class=\"has-small-font-size wp-block-paragraph\"><strong>Ante cualquier duda, comunicarse con la Gerencia M\u00e9dica de OSMISS.<\/strong><br>Email: <a href=\"mailto:autorizaciones@osmiss.org.ar\">autorizaciones@osmiss.org.ar<\/a> o <a href=\"mailto:gerencia.medica@osmiss.org.ar\">gerencia.medica@osmiss.org.ar<\/a><br>Tel.: <strong><a href=\"tel:+5491143346611\">(011) 4334-6611<\/a><\/strong> Lunes a Viernes de 9 a 17 hs.<br>Si se comunica desde el interior del pa\u00eds, puede llamar en forma gratuita al: <br><strong><a href=\"tel:08003456764\">0800-345-OSMISS(6764)<\/a><\/strong> Lunes a Viernes de 9 a 17 hs.<\/p>\n<\/div>\n<\/div>\n\n\n\n<hr class=\"wp-block-separator has-text-color has-vivid-cyan-blue-color has-alpha-channel-opacity has-vivid-cyan-blue-background-color has-background\"\/>\n<\/div><\/div>\n","protected":false},"excerpt":{"rendered":"<p>Les ofrecemos esta versi\u00f3n resumen, con formato de hoja A4, para tener siempre presente. Tambi\u00e9n le recomendamos imprimir para dejar en un lugar visible. 911 EMERGENCIAS \u00bfCu\u00e1ndo debo llamar al 911? Ten\u00e9s que llamar cuando &hellip; <\/p>\n","protected":false},"author":1,"featured_media":727,"comment_status":"closed","ping_status":"closed","sticky":false,"template":"","format":"standard","meta":{"om_disable_all_campaigns":false,"_monsterinsights_skip_tracking":false,"_uf_show_specific_survey":0,"_uf_disable_surveys":false,"footnotes":""},"categories":[23],"tags":[147,146,150,160,152,151,155,157,159,149,148,156,158,153,154],"class_list":["post-716","post","type-post","status-publish","format-standard","has-post-thumbnail","hentry","category-campanadeprevencion","tag-147","tag-146","tag-bomberos","tag-chicos","tag-defensa-civil","tag-emergencias","tag-interrupcion-voluntaria-del-embarazo","tag-linea-de-la-mujer","tag-linea-social","tag-policia","tag-same","tag-trata-de-personas","tag-violencia-de-genero","tag-violencia-domestica","tag-violencia-intrafamiliar","grid-sizer"],"aioseo_notices":[],"_links":{"self":[{"href":"https:\/\/osmiss.org.ar\/news2\/wp-json\/wp\/v2\/posts\/716","targetHints":{"allow":["GET"]}}],"collection":[{"href":"https:\/\/osmiss.org.ar\/news2\/wp-json\/wp\/v2\/posts"}],"about":[{"href":"https:\/\/osmiss.org.ar\/news2\/wp-json\/wp\/v2\/types\/post"}],"author":[{"embeddable":true,"href":"https:\/\/osmiss.org.ar\/news2\/wp-json\/wp\/v2\/users\/1"}],"replies":[{"embeddable":true,"href":"https:\/\/osmiss.org.ar\/news2\/wp-json\/wp\/v2\/comments?post=716"}],"version-history":[{"count":11,"href":"https:\/\/osmiss.org.ar\/news2\/wp-json\/wp\/v2\/posts\/716\/revisions"}],"predecessor-version":[{"id":1487,"href":"https:\/\/osmiss.org.ar\/news2\/wp-json\/wp\/v2\/posts\/716\/revisions\/1487"}],"wp:featuredmedia":[{"embeddable":true,"href":"https:\/\/osmiss.org.ar\/news2\/wp-json\/wp\/v2\/media\/727"}],"wp:attachment":[{"href":"https:\/\/osmiss.org.ar\/news2\/wp-json\/wp\/v2\/media?parent=716"}],"wp:term":[{"taxonomy":"category","embeddable":true,"href":"https:\/\/osmiss.org.ar\/news2\/wp-json\/wp\/v2\/categories?post=716"},{"taxonomy":"post_tag","embeddable":true,"href":"https:\/\/osmiss.org.ar\/news2\/wp-json\/wp\/v2\/tags?post=716"}],"curies":[{"name":"wp","href":"https:\/\/api.w.org\/{rel}","templated":true}]}}