{"id":738,"date":"2019-06-14T13:38:00","date_gmt":"2019-06-14T16:38:00","guid":{"rendered":"https:\/\/osmiss.org.ar\/news2\/?p=738"},"modified":"2022-04-01T16:39:37","modified_gmt":"2022-04-01T19:39:37","slug":"bases-de-referencia-de-la-salud-de-las-personas-mayores-1-parte","status":"publish","type":"post","link":"https:\/\/osmiss.org.ar\/news2\/2019\/06\/14\/bases-de-referencia-de-la-salud-de-las-personas-mayores-1-parte\/","title":{"rendered":"Bases de Referencia de la Salud de las Personas Mayores (2\u00b0 Parte)"},"content":{"rendered":"\n<div class=\"wp-block-buttons is-layout-flex wp-block-buttons-is-layout-flex\">\n<div class=\"wp-block-button\"><a class=\"wp-block-button__link\" href=\"https:\/\/osmiss.org.ar\/news2\/2019\/03\/07\/bases-de-referencia-de-la-salud-de-las-personas-mayores-1-parte-2\/\">Volver a leer la 1\u00b0 Parte<\/a><\/div>\n<\/div>\n\n\n\n<p class=\"wp-block-paragraph\">La vejez se caracteriza tambi\u00e9n por la aparici\u00f3n de varios estados de salud complejos que suelen presentarse solo en las \u00faltimas etapas de la vida y que no se enmarcan en categor\u00edas de morbilidad espec\u00edficas. Esos estados de salud se denominan normalmente s\u00edndromes geri\u00e1tricos. Por lo general son consecuencia de m\u00faltiples factores subyacentes que incluyen, entre otros, los siguientes: fragilidad, incontinencia urinaria, ca\u00eddas, estados delirantes y \u00falceras por presi\u00f3n.<\/p>\n\n\n\n<p class=\"wp-block-paragraph\">Los s\u00edndromes geri\u00e1tricos parecen predecir mejor la muerte que la presencia o el n\u00famero de enfermedades espec\u00edficas. Ahora bien, a excepci\u00f3n de los pa\u00edses que han desarrollado la geriatr\u00eda como disciplina m\u00e9dica, con frecuencia se dejan de lado en los servicios de salud de estructura tradicional y en la investigaci\u00f3n epidemiol\u00f3gica.<\/p>\n\n\n\n<p class=\"wp-block-paragraph\">Aunque algunas de las variaciones en la salud de las personas mayores son gen\u00e9ticas, los entornos f\u00edsicos y sociales revisten gran importancia, en particular las viviendas, vecindario y comunidades, as\u00ed como sus caracter\u00edsticas personales, como el sexo, la etnia o el nivel socioecon\u00f3mico.<\/p>\n\n\n\n<p class=\"wp-block-paragraph\">Estos factores empiezan a influir en el proceso de envejecimiento en una etapa temprana. Los entornos en los que se vive durante la ni\u00f1ez \u2013o incluso en la fase embrionaria\u2013 junto con las caracter\u00edsticas personales, tienen efectos a largo plazo en la forma de envejecer.<\/p>\n\n\n\n<p class=\"wp-block-paragraph\">Los entornos tambi\u00e9n tienen una influencia importante en el establecimiento y mantenimiento de h\u00e1bitos saludables. El mantenimiento de h\u00e1bitos saludables a lo largo de la vida, en particular llevar una dieta equilibrada, realizar una actividad f\u00edsica peri\u00f3dica y abstenerse de fumar, contribuye a reducir el riesgo de padecer enfermedades no transmisibles y a mejorar las facultades f\u00edsicas y mentales.<\/p>\n\n\n\n<p class=\"wp-block-paragraph\">En la vejez mantener esos h\u00e1bitos es tambi\u00e9n importante. El mantenimiento de la masa muscular mediante entrenamiento y una buena nutrici\u00f3n pueden ayudar a preservar la funci\u00f3n cognitiva, retrasar la dependencia y revertir la fragilidad.<\/p>\n\n\n\n<p class=\"wp-block-paragraph\">Los entornos propicios permiten llevar a cabo las actividades que son importantes para las personas, a pesar de la p\u00e9rdida de facultades. Edificios y transporte p\u00fablicos seguros y accesibles, y lugares por los que sea f\u00e1cil caminar, son ejemplos de entornos propicios.<\/p>\n\n\n\n<p class=\"wp-block-paragraph\">No hay una persona mayor \u00abt\u00edpica\u00bb. Algunos octogenarios tienen unas facultades f\u00edsicas y ps\u00edquicas que nada tienen que envidiar a las de muchos veintea\u00f1eros. Otras personas, en cambio, sufren un deterioro considerable a edades mucho m\u00e1s tempranas. Por ello, la respuesta de salud p\u00fablica debe ser integral, a fin de atender las enormes diferencias en experiencias y necesidades de la gente mayor.<\/p>\n\n\n\n<p class=\"wp-block-paragraph\">La diversidad que se aprecia en la vejez no es cuesti\u00f3n de azar. En gran medida se debe a los entornos f\u00edsicos y sociales de las personas, puesto que ese entorno influye en sus oportunidades y sus h\u00e1bitos de salud.<\/p>\n\n\n\n<p class=\"wp-block-paragraph\">La relaci\u00f3n que mantenemos con nuestro entorno viene determinada por caracter\u00edsticas personales, como la familia en la que nacimos, nuestro sexo y etnia, que dan lugar a inequidades de salud. La diversidad que se da en la vejez se debe en gran medida a los efectos acumulados de esas inequidades sanitarias a lo largo de la vida. Deben instaurarse pol\u00edticas de salud p\u00fablica que reduzcan, m\u00e1s que refuercen, dichas inequidades.<\/p>\n\n\n\n<p class=\"wp-block-paragraph\">OSMISS y FIPeM&nbsp; buscan poner de relieve la importancia que ha adquirido en todo el mundo la complementariedad entre la prospectiva y la pol\u00edtica p\u00fablica, en el contexto de la planificaci\u00f3n del siglo XXI de Pol\u00edticas P\u00fablicas para Personas Mayores.<\/p>\n\n\n\n<p class=\"wp-block-paragraph\">&nbsp;En efecto, las posibilidades crecientes de integraci\u00f3n interinstitucional, as\u00ed como las necesidades de afrontar el cambio cultural para el logro de la igualdad, exigen a los encargados de la adopci\u00f3n de decisiones un pensamiento estrat\u00e9gico creativo y capaz de articular las demandas ciudadanas a corto, mediano y largo plazo.<\/p>\n\n\n\n<p class=\"wp-block-paragraph\">Es necesario reflexionar sobre la interdependencia entre todas las dimensiones del desarrollo. Es un instrumento id\u00f3neo para mantener un di\u00e1logo permanente a nivel pol\u00edtico y social, y hacer que el Estado analice conjuntamente con la empresa, la academia y la sociedad civil las alternativas futuras y las prioridades esenciales de los pa\u00edses, territorios, sectores e instituciones.<\/p>\n\n\n\n<p class=\"wp-block-paragraph\">La producci\u00f3n de visiones compartidas de futuro promueve y mejora la coordinaci\u00f3n de pol\u00edticas p\u00fablicas a nivel estrat\u00e9gico, program\u00e1tico y operativo. Su principal valor agregado consiste en brindar una visi\u00f3n panor\u00e1mica e integral de los factores clave que inciden en la implementaci\u00f3n de la prospectiva al nivel gubernamental.<\/p>\n\n\n\n<p class=\"wp-block-paragraph\"><\/p>\n\n\n\n<hr class=\"wp-block-separator\"\/>\n\n\n\n<div class=\"wp-block-columns is-layout-flex wp-container-core-columns-is-layout-8f761849 wp-block-columns-is-layout-flex\">\n<div class=\"wp-block-column is-layout-flow wp-block-column-is-layout-flow\">\n<figure class=\"wp-block-image size-full\"><img loading=\"lazy\" decoding=\"async\" width=\"150\" height=\"150\" src=\"https:\/\/osmiss.org.ar\/news2\/wp-content\/uploads\/2018\/05\/fotopresidencia2.jpg\" alt=\"N\u00e9stor E. Fern\u00e1ndez\" class=\"wp-image-310\" srcset=\"https:\/\/osmiss.org.ar\/news2\/wp-content\/uploads\/2018\/05\/fotopresidencia2.jpg 150w, https:\/\/osmiss.org.ar\/news2\/wp-content\/uploads\/2018\/05\/fotopresidencia2-60x60.jpg 60w\" sizes=\"auto, (max-width: 150px) 100vw, 150px\" \/><\/figure>\n\n\n\n<p class=\"wp-block-paragraph\"><em><strong>Ing. N\u00e9stor E. Fern\u00e1ndez<\/strong><\/em><br><em><strong>Presidente de OSMISS<\/strong><\/em><\/p>\n<\/div>\n\n\n\n<div class=\"wp-block-column is-layout-flow wp-block-column-is-layout-flow\">\n<figure class=\"wp-block-image size-full\"><img loading=\"lazy\" decoding=\"async\" width=\"150\" height=\"150\" src=\"https:\/\/osmiss.org.ar\/news2\/wp-content\/uploads\/2022\/04\/fotoquici.jpg\" alt=\"\" class=\"wp-image-883\" srcset=\"https:\/\/osmiss.org.ar\/news2\/wp-content\/uploads\/2022\/04\/fotoquici.jpg 150w, https:\/\/osmiss.org.ar\/news2\/wp-content\/uploads\/2022\/04\/fotoquici-60x60.jpg 60w\" sizes=\"auto, (max-width: 150px) 100vw, 150px\" \/><\/figure>\n\n\n\n<p class=\"wp-block-paragraph\"><em><strong>Lic. Luis Quici<\/strong><\/em><br><em><strong>Presidente de FIPeM<\/strong><\/em><\/p>\n<\/div>\n\n\n\n<div class=\"wp-block-column is-layout-flow wp-block-column-is-layout-flow\"><\/div>\n<\/div>\n\n\n\n<p class=\"wp-block-paragraph\"><\/p>\n\n\n\n<p class=\"wp-block-paragraph\"><\/p>\n","protected":false},"excerpt":{"rendered":"<p>La vejez se caracteriza tambi\u00e9n por la aparici\u00f3n de varios estados de salud complejos que suelen presentarse solo en las \u00faltimas etapas de la vida y que no se enmarcan en categor\u00edas de morbilidad espec\u00edficas. &hellip; <\/p>\n","protected":false},"author":2,"featured_media":900,"comment_status":"closed","ping_status":"closed","sticky":false,"template":"","format":"standard","meta":{"om_disable_all_campaigns":false,"_monsterinsights_skip_tracking":false,"_uf_show_specific_survey":0,"_uf_disable_surveys":false,"footnotes":""},"categories":[22],"tags":[161,122],"class_list":["post-738","post","type-post","status-publish","format-standard","has-post-thumbnail","hentry","category-editoriales","tag-personas-mayores","tag-salud","grid-sizer"],"aioseo_notices":[],"_links":{"self":[{"href":"https:\/\/osmiss.org.ar\/news2\/wp-json\/wp\/v2\/posts\/738","targetHints":{"allow":["GET"]}}],"collection":[{"href":"https:\/\/osmiss.org.ar\/news2\/wp-json\/wp\/v2\/posts"}],"about":[{"href":"https:\/\/osmiss.org.ar\/news2\/wp-json\/wp\/v2\/types\/post"}],"author":[{"embeddable":true,"href":"https:\/\/osmiss.org.ar\/news2\/wp-json\/wp\/v2\/users\/2"}],"replies":[{"embeddable":true,"href":"https:\/\/osmiss.org.ar\/news2\/wp-json\/wp\/v2\/comments?post=738"}],"version-history":[{"count":6,"href":"https:\/\/osmiss.org.ar\/news2\/wp-json\/wp\/v2\/posts\/738\/revisions"}],"predecessor-version":[{"id":890,"href":"https:\/\/osmiss.org.ar\/news2\/wp-json\/wp\/v2\/posts\/738\/revisions\/890"}],"wp:featuredmedia":[{"embeddable":true,"href":"https:\/\/osmiss.org.ar\/news2\/wp-json\/wp\/v2\/media\/900"}],"wp:attachment":[{"href":"https:\/\/osmiss.org.ar\/news2\/wp-json\/wp\/v2\/media?parent=738"}],"wp:term":[{"taxonomy":"category","embeddable":true,"href":"https:\/\/osmiss.org.ar\/news2\/wp-json\/wp\/v2\/categories?post=738"},{"taxonomy":"post_tag","embeddable":true,"href":"https:\/\/osmiss.org.ar\/news2\/wp-json\/wp\/v2\/tags?post=738"}],"curies":[{"name":"wp","href":"https:\/\/api.w.org\/{rel}","templated":true}]}}