{"id":742,"date":"2019-03-07T13:54:00","date_gmt":"2019-03-07T16:54:00","guid":{"rendered":"https:\/\/osmiss.org.ar\/news2\/?p=742"},"modified":"2022-04-01T16:39:58","modified_gmt":"2022-04-01T19:39:58","slug":"bases-de-referencia-de-la-salud-de-las-personas-mayores-1-parte-2","status":"publish","type":"post","link":"https:\/\/osmiss.org.ar\/news2\/2019\/03\/07\/bases-de-referencia-de-la-salud-de-las-personas-mayores-1-parte-2\/","title":{"rendered":"Bases de Referencia de la Salud de las Personas Mayores (1\u00b0 Parte)"},"content":{"rendered":"\n<p class=\"wp-block-paragraph\">La atenci\u00f3n m\u00e9dica de las personas mayores requiere, por sus particularidades, innegablemente, un cambio de enfoque especial.<\/p>\n\n\n\n<p class=\"wp-block-paragraph\">El actual enfoque dirigido a la enfermedad plantea, como primera cuesti\u00f3n, el gasto que representa y la tendencia irreversible a incrementarse que surge de las brechas estad\u00edsticas (aumento del \u00edndice de la expectativa de vida y aumento demogr\u00e1fico de las personas mayores que, en nuestro pa\u00eds, actualmente representa cerca del 20% de la poblaci\u00f3n total, con vistas a superar el 30% en el a\u00f1o 2030).<\/p>\n\n\n\n<p class=\"wp-block-paragraph\">Predispuestos a dar atenci\u00f3n integral a esta franja de la poblaci\u00f3n en virtud de lo apuntado y atento que la gerontolog\u00eda actual impone una planificaci\u00f3n racional de la salud para las personas mayores, resulta de inter\u00e9s analizar las bases de referencia para plantear un programa de salud para este sector de la poblaci\u00f3n.<\/p>\n\n\n\n<p class=\"wp-block-paragraph\">Los elementos b\u00e1sicos a tomar en cuenta para ello, incluyen:<\/p>\n\n\n\n<ol class=\"wp-block-list\"><li>Distinci\u00f3n entre los enfoques de la vejez de los atribuibles a enfermedades intercurrentes y\/o contingencias sociales.<\/li><li>Evaluaci\u00f3n de las condiciones psicol\u00f3gicas y caracter\u00edsticas sociales de la persona mayor.<\/li><li>Un enfoque interdisciplinario para comprender mejor los aspectos psicosociales.<\/li><li>El establecimiento de una econom\u00eda psicof\u00edsica de la persona mayor y promover su participaci\u00f3n en su autocuidado.<\/li><\/ol>\n\n\n\n<p class=\"wp-block-paragraph\">La propuesta b\u00e1sica implica la transformaci\u00f3n de la atenci\u00f3n gerontol\u00f3gica, personalizando la relaci\u00f3n m\u00e9dico-paciente que adquiere la mirada hol\u00edstica de la persona.<\/p>\n\n\n\n<p class=\"wp-block-paragraph\">El objetivo de esta propuesta implica:<\/p>\n\n\n\n<ol class=\"wp-block-list\"><li>La prevenci\u00f3n de la enfermedad y con ello la contenci\u00f3n del gasto.<\/li><li>El mantenimiento del estado f\u00edsico&nbsp; en la mejor forma posible y su rehabilitaci\u00f3n si fuera necesaria y posible.<\/li><li>El apoyo bio-psiquico-social orientado a conservar la autosuficiencia familiar o social tendiente a evitar su institucionalizaci\u00f3n.<\/li><li>Considerar la institucionalizaci\u00f3n de aquellas personas mayores que superen las marcas de referencias anteriores.<\/li><li>Tener criterio de atenci\u00f3n progresiva de la salud.<\/li><\/ol>\n\n\n\n<p class=\"wp-block-paragraph\">En t\u00e9rminos generales la concreci\u00f3n de estos principios nos llevan a encauzar el proceso de envejecimiento buscando dar mayor cabida a los componentes psicol\u00f3gicos y sociales sobre la programaci\u00f3n prestacional, limit\u00e1ndose as\u00ed la presencia del m\u00e9dico prescriptor para sustituirlo por un m\u00e9dico especializado, con una mirada amplia, que incluya los ingredientes psicol\u00f3gicos, sociales, ambientales, familiares o econ\u00f3micos que condicionan al 95% de los desarreglos o manifestaciones cl\u00ednicas de este per\u00edodo vital.<\/p>\n\n\n\n<p class=\"wp-block-paragraph\">El basamento de este tipo de propuesta reside en el criterio del autocuidado que constituye en todo el mundo el eje de la planificaci\u00f3n de la salud destinado a la vejez.<\/p>\n\n\n\n<p class=\"wp-block-paragraph\"><\/p>\n\n\n\n<hr class=\"wp-block-separator\"\/>\n\n\n\n<div class=\"wp-block-columns is-layout-flex wp-container-core-columns-is-layout-8f761849 wp-block-columns-is-layout-flex\">\n<div class=\"wp-block-column is-layout-flow wp-block-column-is-layout-flow\">\n<figure class=\"wp-block-image size-full\"><img loading=\"lazy\" decoding=\"async\" width=\"150\" height=\"150\" src=\"https:\/\/osmiss.org.ar\/news2\/wp-content\/uploads\/2018\/05\/fotopresidencia2.jpg\" alt=\"N\u00e9stor E. Fern\u00e1ndez\" class=\"wp-image-310\" srcset=\"https:\/\/osmiss.org.ar\/news2\/wp-content\/uploads\/2018\/05\/fotopresidencia2.jpg 150w, https:\/\/osmiss.org.ar\/news2\/wp-content\/uploads\/2018\/05\/fotopresidencia2-60x60.jpg 60w\" sizes=\"auto, (max-width: 150px) 100vw, 150px\" \/><\/figure>\n\n\n\n<p class=\"wp-block-paragraph\"><em><strong>Ing. N\u00e9stor E. Fern\u00e1ndez<\/strong><\/em><br><em><strong>Presidente de OSMISS<\/strong><\/em><\/p>\n<\/div>\n\n\n\n<div class=\"wp-block-column is-layout-flow wp-block-column-is-layout-flow\">\n<figure class=\"wp-block-image size-full\"><img loading=\"lazy\" decoding=\"async\" width=\"150\" height=\"150\" src=\"https:\/\/osmiss.org.ar\/news2\/wp-content\/uploads\/2022\/04\/fotoquici.jpg\" alt=\"Imagen de Lic. Luis Quici\" class=\"wp-image-883\" srcset=\"https:\/\/osmiss.org.ar\/news2\/wp-content\/uploads\/2022\/04\/fotoquici.jpg 150w, https:\/\/osmiss.org.ar\/news2\/wp-content\/uploads\/2022\/04\/fotoquici-60x60.jpg 60w\" sizes=\"auto, (max-width: 150px) 100vw, 150px\" \/><\/figure>\n\n\n\n<p class=\"wp-block-paragraph\"><em><strong>Lic. Luis Quici<\/strong><\/em><br><em><strong>Presidente de FIPeM<\/strong><\/em><\/p>\n<\/div>\n\n\n\n<div class=\"wp-block-column is-layout-flow wp-block-column-is-layout-flow\"><\/div>\n<\/div>\n\n\n\n<p class=\"wp-block-paragraph\"><\/p>\n\n\n\n<p class=\"wp-block-paragraph\"><\/p>\n\n\n\n<hr class=\"wp-block-separator\"\/>\n\n\n\n<div class=\"wp-block-buttons is-layout-flex wp-block-buttons-is-layout-flex\">\n<div class=\"wp-block-button\"><a class=\"wp-block-button__link\" href=\"https:\/\/osmiss.org.ar\/news2\/2019\/06\/14\/bases-de-referencia-de-la-salud-de-las-personas-mayores-1-parte\/\">Seguir leyendo 2\u00b0 Parte<\/a><\/div>\n<\/div>\n","protected":false},"excerpt":{"rendered":"<p>La atenci\u00f3n m\u00e9dica de las personas mayores requiere, por sus particularidades, innegablemente, un cambio de enfoque especial. El actual enfoque dirigido a la enfermedad plantea, como primera cuesti\u00f3n, el gasto que representa y la tendencia &hellip; <\/p>\n","protected":false},"author":2,"featured_media":900,"comment_status":"closed","ping_status":"closed","sticky":false,"template":"","format":"standard","meta":{"om_disable_all_campaigns":false,"_monsterinsights_skip_tracking":false,"_uf_show_specific_survey":0,"_uf_disable_surveys":false,"footnotes":""},"categories":[22],"tags":[161],"class_list":["post-742","post","type-post","status-publish","format-standard","has-post-thumbnail","hentry","category-editoriales","tag-personas-mayores","grid-sizer"],"aioseo_notices":[],"_links":{"self":[{"href":"https:\/\/osmiss.org.ar\/news2\/wp-json\/wp\/v2\/posts\/742","targetHints":{"allow":["GET"]}}],"collection":[{"href":"https:\/\/osmiss.org.ar\/news2\/wp-json\/wp\/v2\/posts"}],"about":[{"href":"https:\/\/osmiss.org.ar\/news2\/wp-json\/wp\/v2\/types\/post"}],"author":[{"embeddable":true,"href":"https:\/\/osmiss.org.ar\/news2\/wp-json\/wp\/v2\/users\/2"}],"replies":[{"embeddable":true,"href":"https:\/\/osmiss.org.ar\/news2\/wp-json\/wp\/v2\/comments?post=742"}],"version-history":[{"count":5,"href":"https:\/\/osmiss.org.ar\/news2\/wp-json\/wp\/v2\/posts\/742\/revisions"}],"predecessor-version":[{"id":886,"href":"https:\/\/osmiss.org.ar\/news2\/wp-json\/wp\/v2\/posts\/742\/revisions\/886"}],"wp:featuredmedia":[{"embeddable":true,"href":"https:\/\/osmiss.org.ar\/news2\/wp-json\/wp\/v2\/media\/900"}],"wp:attachment":[{"href":"https:\/\/osmiss.org.ar\/news2\/wp-json\/wp\/v2\/media?parent=742"}],"wp:term":[{"taxonomy":"category","embeddable":true,"href":"https:\/\/osmiss.org.ar\/news2\/wp-json\/wp\/v2\/categories?post=742"},{"taxonomy":"post_tag","embeddable":true,"href":"https:\/\/osmiss.org.ar\/news2\/wp-json\/wp\/v2\/tags?post=742"}],"curies":[{"name":"wp","href":"https:\/\/api.w.org\/{rel}","templated":true}]}}