{"id":749,"date":"2019-10-03T14:09:00","date_gmt":"2019-10-03T17:09:00","guid":{"rendered":"https:\/\/osmiss.org.ar\/news2\/?p=749"},"modified":"2022-04-01T16:35:19","modified_gmt":"2022-04-01T19:35:19","slug":"disminucion-de-los-factores-de-riesgo-en-la-salud","status":"publish","type":"post","link":"https:\/\/osmiss.org.ar\/news2\/2019\/10\/03\/disminucion-de-los-factores-de-riesgo-en-la-salud\/","title":{"rendered":"Disminuci\u00f3n de los factores de riesgo en la salud"},"content":{"rendered":"\n<p class=\"wp-block-paragraph\">La prevenci\u00f3n es vital para enfrentar los riegos de la salud, muchas veces desestimados, siendo estos complejos, con consecuencias que van desde el deterioro de la calidad de vida del individuo, hasta incluso el desenlace mortal.<\/p>\n\n\n\n<p class=\"wp-block-paragraph\">Tranquilamente, como un d\u00eda m\u00e1s, un individuo puede tener programada su agenda laboral para el d\u00eda siguiente, o los eventos sociales que tendr\u00e1 en la semana, los momentos destinados a su familia, sus ideales, etc. Momentos que por desatender el cuidado de su salud pueden verse truncados o interrumpidos por episodios de riesgos severos que detienen o deterioran el paso por los mismos.<\/p>\n\n\n\n<p class=\"wp-block-paragraph\">Situaciones tr\u00e1gicas, tristes desalentadoras, e irreversibles que en su mayor\u00eda con estudios m\u00e9dicos adecuados se podr\u00edan haber evitado.<\/p>\n\n\n\n<blockquote class=\"wp-block-quote is-layout-flow wp-block-quote-is-layout-flow\"><p>\u201cUn examen peri\u00f3dico permite un diagn\u00f3stico oportuno de las enfermedades, incluso aquellas que a\u00fan no han presentado s\u00edntomas con lo que se ayuda as\u00ed a prevenir las enfermedades a las que cada persona puede ser propensa\u201d.<\/p><\/blockquote>\n\n\n\n<p class=\"wp-block-paragraph\">Este enunciado tan nombrado y tan escuchado por las personas, no cuenta con la continuidad que amerita. A veces sucede que se desconoce su real importancia, en otros casos se ignoran sus beneficios.<\/p>\n\n\n\n<p class=\"wp-block-paragraph\">&nbsp;Lo que es dif\u00edcil de lograr es la constancia en la prevenci\u00f3n, algo que no se ha tenido en cuenta en numerosos programas y\/o campa\u00f1as de prevenci\u00f3n que han fallado. Por ello es fundamental que se tenga en cuenta estos dos aspectos prioritarios, dar a conocer en primer lugar e intentar de todas las formas posibles que nuestro rol permita instalar la prevenci\u00f3n en la agenda de cada afiliado.<\/p>\n\n\n\n<blockquote class=\"wp-block-quote is-layout-flow wp-block-quote-is-layout-flow\"><p>\u201cDebemos construir un puente con cimientos s\u00f3lidos, y esa solidez, se obtiene desde la prevenci\u00f3n y reducci\u00f3n de riesgos en la salud, para que el afiliado pueda dar pasos firmes. Evitando, desde lo que est\u00e1 a nuestro alcance, la posibilidad de encontrarse con ciertos riesgos que afecten el transcurso de su camino. Lograr achicar la incertidumbre transmitiendo armon\u00eda\u201d.<\/p><\/blockquote>\n\n\n\n<p class=\"wp-block-paragraph\">Surge as\u00ed la necesidad de estudios preventivos de acuerdo al sexo y edad, los que corresponder\u00e1n a cada etapa vital dado que las necesidades sanitarias de cada individuo van variando en cada etapa de la vida.<\/p>\n\n\n\n<p class=\"wp-block-paragraph\">Los chequeos y ex\u00e1menes que cada individuo necesita, depender\u00e1n entonces de su edad, salud, historia familiar y estilo de vida, como por ejemplo, qu\u00e9 come, cu\u00e1n activo se mantiene y si fuma (entre otras).<\/p>\n\n\n\n<p class=\"wp-block-paragraph\">Tener en cuenta la edad y el sexo del individuo, y en base a ello destinar distintos ex\u00e1menes preventivos con la adecuada visita al m\u00e9dico, nos permite detectar ciertas enfermedades, la hiperglucemia, hipertensi\u00f3n arterial, colesterol son ellos \u201casesinos silenciosos\u201d que no presentan s\u00edntomas evidentes, permiti\u00e9ndonos actuar a tiempo.<\/p>\n\n\n\n<p class=\"wp-block-paragraph\">Para esta premisa de Reducci\u00f3n de Riesgos en la Salud es clave tener en cuenta la historia natural de las enfermedades desde su inicio hasta su t\u00e9rmino y sus distintas etapas, ya que ellas nos determinan distintas formas de acci\u00f3n preventiva seg\u00fan cada momento.<\/p>\n\n\n\n<p class=\"wp-block-paragraph\">Prevenci\u00f3n primaria: reducci\u00f3n de los factores de riesgo antes de que aparezca la enfermedad. Ej.: dejar de fumar.<\/p>\n\n\n\n<p class=\"wp-block-paragraph\">Prevenci\u00f3n secundaria: detectar precozmente una enfermedad para controlar o eliminarla y as\u00ed mejorar el pron\u00f3stico. Ej.: Papanicolaou.<\/p>\n\n\n\n<p class=\"wp-block-paragraph\">Prevenci\u00f3n terciaria: minimizar el da\u00f1o ya causado de una enfermedad. Ej.: tratamiento hipolipemiante en una persona con enfermedad coronaria.<\/p>\n\n\n\n<p class=\"wp-block-paragraph\">Los beneficios de un chequeo m\u00e9dico se relacionan con la posibilidad de:<\/p>\n\n\n\n<ul class=\"wp-block-list\"><li>Permitir conocer si existen factores de riesgo de enfermedades o enfermedades subcl\u00ednicas (que a\u00fan no se han manifestado) para poder tratarlas precozmente o incluso prevenirlas. Encontrar los problemas a tiempo, cuando las posibilidades de cura son mayores.<\/li><li>Educar a las personas en cuanto a h\u00e1bitos saludables de vida, alimentaci\u00f3n saludable, actividad f\u00edsica, incentivar el abandono de h\u00e1bitos nocivos: tabaquismo, abuso de sustancias, abuso de alcohol, etc.<\/li><li>Posibilitar la divulgaci\u00f3n de estudios preventivos a lo largo de las diferentes etapas de la vida.<\/li><li>Hacer que los individuos sepan y tomen el control de su propio cuidado.<\/li><li>Informar acerca de las inmunizaciones necesarias en la vida adulta. Esta etapa abre un escenario diferente en la relaci\u00f3n con los profesionales m\u00e9dicos: la persona \u201csana\u201d acude para ser evaluada e informada de las actualizaciones preventivas para las diferentes enfermedades.<\/li><li>Finalmente, debemos recordar que la Organizaci\u00f3n Mundial de la Salud recomiendas realizarse un chequeo cada cuatro a\u00f1os hasta los 40 a\u00f1os, cada dos de los 40 a 60 a\u00f1os y como m\u00ednimo un chequeo anual a partir de los 60 a\u00f1os.<\/li><\/ul>\n\n\n\n<p class=\"wp-block-paragraph\">Combinar ciencia, tecnolog\u00eda y calidad de vida es el compromiso de nuestra Obra Social.<\/p>\n\n\n\n<p class=\"wp-block-paragraph\">Para reducir los riesgos en la salud de nuestro afiliados. De esta forma nuestra \u00e1rea de estudios preventivos bajo la premisa de la importancia de la prevenci\u00f3n de las enfermedades y del diagn\u00f3stico precoz, podr\u00e1 acercar a los afiliados una propuesta que los apoye en la continuidad y regularidad que por regla general el individuo posterga o abandona.<\/p>\n\n\n\n<p class=\"wp-block-paragraph\">La evidencia disponible ha demostrado que si la sociedad en su conjunto reconociera y asumiera el grado que nos corresponde en el cuidado y la protecci\u00f3n de la salud, podr\u00edan evitarse cuatro de cada diez muertes.<\/p>\n\n\n\n<p class=\"wp-block-paragraph\">Es por ello que nuestra Obra Social entiende que debe impulsar acciones que activen los mecanismos de concientizaci\u00f3n pasando del discurso a la acci\u00f3n, de los postulados a los hechos.<\/p>\n\n\n\n<p class=\"wp-block-paragraph\"><em>*La obra social invertir\u00e1 en la prevenci\u00f3n, siendo coherente con su plan rector.<\/em><\/p>\n\n\n\n<p class=\"wp-block-paragraph\"><em>*M\u00e1s que frases hechas, hechos concretos. \u201cEs preferible el cansancio por impulsar, reiterar, y sostener este programa; que el cansancio en una sala de espera a la vela de un diagn\u00f3stico cuando ya el problema ha empeorado\u201d.<\/em><\/p>\n\n\n\n<p class=\"wp-block-paragraph\"><\/p>\n\n\n\n<hr class=\"wp-block-separator\"\/>\n\n\n\n<div class=\"wp-block-columns is-layout-flex wp-container-core-columns-is-layout-8f761849 wp-block-columns-is-layout-flex\">\n<div class=\"wp-block-column is-layout-flow wp-block-column-is-layout-flow\">\n<figure class=\"wp-block-image size-full\"><img loading=\"lazy\" decoding=\"async\" width=\"150\" height=\"150\" src=\"https:\/\/osmiss.org.ar\/news2\/wp-content\/uploads\/2018\/05\/fotopresidencia2.jpg\" alt=\"N\u00e9stor E. Fern\u00e1ndez\" class=\"wp-image-310\" srcset=\"https:\/\/osmiss.org.ar\/news2\/wp-content\/uploads\/2018\/05\/fotopresidencia2.jpg 150w, https:\/\/osmiss.org.ar\/news2\/wp-content\/uploads\/2018\/05\/fotopresidencia2-60x60.jpg 60w\" sizes=\"auto, (max-width: 150px) 100vw, 150px\" \/><\/figure>\n\n\n\n<p class=\"wp-block-paragraph\"><em><strong>Ing. N\u00e9stor E. Fern\u00e1ndez<\/strong><\/em><br><em><strong>Presidente de OSMISS<\/strong><\/em><\/p>\n<\/div>\n\n\n\n<div class=\"wp-block-column is-layout-flow wp-block-column-is-layout-flow\">\n<figure class=\"wp-block-image size-full\"><img loading=\"lazy\" decoding=\"async\" width=\"150\" height=\"150\" src=\"https:\/\/osmiss.org.ar\/news2\/wp-content\/uploads\/2022\/03\/fotomedica.jpg\" alt=\"\" class=\"wp-image-856\" srcset=\"https:\/\/osmiss.org.ar\/news2\/wp-content\/uploads\/2022\/03\/fotomedica.jpg 150w, https:\/\/osmiss.org.ar\/news2\/wp-content\/uploads\/2022\/03\/fotomedica-60x60.jpg 60w\" sizes=\"auto, (max-width: 150px) 100vw, 150px\" \/><\/figure>\n\n\n\n<p class=\"wp-block-paragraph\"><strong><em>Dra. Ana Mar\u00eda J\u00e1uregui<\/em><\/strong><br><em><strong>Gerente M\u00e9dico<\/strong><\/em><\/p>\n<\/div>\n\n\n\n<div class=\"wp-block-column is-layout-flow wp-block-column-is-layout-flow\"><\/div>\n<\/div>\n\n\n\n<p class=\"wp-block-paragraph\"><\/p>\n\n\n\n<p class=\"wp-block-paragraph\"><\/p>\n","protected":false},"excerpt":{"rendered":"<p>La prevenci\u00f3n es vital para enfrentar los riegos de la salud, muchas veces desestimados, siendo estos complejos, con consecuencias que van desde el deterioro de la calidad de vida del individuo, hasta incluso el desenlace &hellip; <\/p>\n","protected":false},"author":2,"featured_media":897,"comment_status":"closed","ping_status":"closed","sticky":false,"template":"","format":"standard","meta":{"om_disable_all_campaigns":false,"_monsterinsights_skip_tracking":false,"_uf_show_specific_survey":0,"_uf_disable_surveys":false,"footnotes":""},"categories":[22],"tags":[162,122],"class_list":["post-749","post","type-post","status-publish","format-standard","has-post-thumbnail","hentry","category-editoriales","tag-factores-de-riesgo","tag-salud","grid-sizer"],"aioseo_notices":[],"_links":{"self":[{"href":"https:\/\/osmiss.org.ar\/news2\/wp-json\/wp\/v2\/posts\/749","targetHints":{"allow":["GET"]}}],"collection":[{"href":"https:\/\/osmiss.org.ar\/news2\/wp-json\/wp\/v2\/posts"}],"about":[{"href":"https:\/\/osmiss.org.ar\/news2\/wp-json\/wp\/v2\/types\/post"}],"author":[{"embeddable":true,"href":"https:\/\/osmiss.org.ar\/news2\/wp-json\/wp\/v2\/users\/2"}],"replies":[{"embeddable":true,"href":"https:\/\/osmiss.org.ar\/news2\/wp-json\/wp\/v2\/comments?post=749"}],"version-history":[{"count":4,"href":"https:\/\/osmiss.org.ar\/news2\/wp-json\/wp\/v2\/posts\/749\/revisions"}],"predecessor-version":[{"id":871,"href":"https:\/\/osmiss.org.ar\/news2\/wp-json\/wp\/v2\/posts\/749\/revisions\/871"}],"wp:featuredmedia":[{"embeddable":true,"href":"https:\/\/osmiss.org.ar\/news2\/wp-json\/wp\/v2\/media\/897"}],"wp:attachment":[{"href":"https:\/\/osmiss.org.ar\/news2\/wp-json\/wp\/v2\/media?parent=749"}],"wp:term":[{"taxonomy":"category","embeddable":true,"href":"https:\/\/osmiss.org.ar\/news2\/wp-json\/wp\/v2\/categories?post=749"},{"taxonomy":"post_tag","embeddable":true,"href":"https:\/\/osmiss.org.ar\/news2\/wp-json\/wp\/v2\/tags?post=749"}],"curies":[{"name":"wp","href":"https:\/\/api.w.org\/{rel}","templated":true}]}}