{"id":901,"date":"2022-04-02T14:59:36","date_gmt":"2022-04-02T17:59:36","guid":{"rendered":"https:\/\/osmiss.org.ar\/news2\/?p=901"},"modified":"2022-11-14T13:55:43","modified_gmt":"2022-11-14T16:55:43","slug":"2-de-abril","status":"publish","type":"post","link":"https:\/\/osmiss.org.ar\/news2\/2022\/04\/02\/2-de-abril\/","title":{"rendered":"2 DE ABRIL &#8211; DIA DEL VETERANO Y DE LOS CAIDOS EN LA GUERRA DE MALVINAS"},"content":{"rendered":"\n<h1 class=\"wp-block-heading\">40\u00b0 aniversario de la guerra de Malvinas<\/h1>\n\n\n\n<p class=\"wp-block-paragraph\"><\/p>\n\n\n\n<p class=\"wp-block-paragraph\">OSMISS rinde su sentido homenaje a los valientes veteranos y a los ca\u00eddos en la gesta librada por la recuperaci\u00f3n de las Islas Malvinas, muchos de los cuales descansan, todav\u00eda en el suelo, a la sombra de las cruces blancas de sus tumbas. Su silencioso testimonio de entrega y generosidad dando lugar para siempre a la admiraci\u00f3n de su pueblo y el respetuoso acompa\u00f1amiento en el dolor a sus familias.<\/p>\n\n\n\n<p class=\"wp-block-paragraph\">Hoy estamos iluminados por el glorioso sacrificio de sus vidas, en servicio de nuestra amada Patria.<\/p>\n\n\n\n<div style=\"height:100px\" aria-hidden=\"true\" class=\"wp-block-spacer\"><\/div>\n\n\n\n<blockquote class=\"wp-block-quote is-layout-flow wp-block-quote-is-layout-flow\"><p><strong>N\u00f3mina de Veteranos de Guerra de Malvinas<\/strong><\/p><cite><a href=\"https:\/\/www.argentina.gob.ar\/armada\/gesta-de-malvinas\/nomina-de-veteranos-de-guerra-de-malvinas\" data-type=\"URL\" data-id=\"https:\/\/www.argentina.gob.ar\/armada\/gesta-de-malvinas\/nomina-de-veteranos-de-guerra-de-malvinas\" target=\"_blank\" rel=\"noreferrer noopener\">argentina.gob.ar<\/a><\/cite><\/blockquote>\n\n\n\n<figure class=\"wp-block-image is-resized\"><a href=\"https:\/\/www.argentina.gob.ar\/armada\/gesta-de-malvinas\/nomina-de-veteranos-de-guerra-de-malvinas\" target=\"_blank\" rel=\"noopener\"><img loading=\"lazy\" decoding=\"async\" src=\"https:\/\/www.buenosaires.gob.ar\/sites\/gcaba\/files\/field\/image\/mephu_20220322_monumento_caidos_pza_san_martin_47a3570.jpg\" alt=\"40 Aniversario de Malvinas\" width=\"620\" height=\"413\"\/><\/a><\/figure>\n\n\n\n<div style=\"height:100px\" aria-hidden=\"true\" class=\"wp-block-spacer\"><\/div>\n\n\n\n<blockquote class=\"wp-block-quote is-layout-flow wp-block-quote-is-layout-flow\"><p><strong>El Ministerio de Defensa lanza un sitio web en homenaje a los Ca\u00eddos, Veteranos y Veteranas de la Guerra de Malvinas<\/strong><\/p><cite><a href=\"https:\/\/www.argentina.gob.ar\/defensa\/coordinacion-de-veteranos-y-veteranas-de-la-guerra-de-malvinas\" target=\"_blank\" rel=\"noreferrer noopener\">argentina.gob.ar<\/a><\/cite><\/blockquote>\n\n\n\n<div style=\"height:100px\" aria-hidden=\"true\" class=\"wp-block-spacer\"><\/div>\n\n\n\n<blockquote class=\"wp-block-quote is-layout-flow wp-block-quote-is-layout-flow\"><p>El Ministerio de Defensa digitaliza y perfecciona el acceso a documentos de las Fuerzas Armadas sobre la Guerra de Malvinas<\/p><cite><a href=\"https:\/\/www.argentina.gob.ar\/noticias\/el-ministerio-de-defensa-digitaliza-y-perfecciona-el-acceso-documentos-de-las-fuerzas\" target=\"_blank\" rel=\"noreferrer noopener\">argentina.gob.ar <\/a><\/cite><\/blockquote>\n\n\n\n<figure class=\"wp-block-image is-resized\"><a href=\"https:\/\/www.argentina.gob.ar\/noticias\/el-ministerio-de-defensa-digitaliza-y-perfecciona-el-acceso-documentos-de-las-fuerzas\"><img loading=\"lazy\" decoding=\"async\" src=\"https:\/\/www.argentina.gob.ar\/sites\/default\/files\/digitalizacion_archivos_malvinas_2.jpg\" alt=\"\" width=\"620\" height=\"412\"\/><\/a><\/figure>\n\n\n\n<div style=\"height:100px\" aria-hidden=\"true\" class=\"wp-block-spacer\"><\/div>\n\n\n\n<blockquote class=\"wp-block-quote is-layout-flow wp-block-quote-is-layout-flow\"><p><strong>La agenda de la Ciudad de Buenos Aires por el 40\u00b0 aniversario de la guerra<\/strong><\/p><cite><a href=\"https:\/\/www.buenosaires.gob.ar\/laciudad\/noticias\/rodriguez-larreta-anuncio-la-agenda-por-el-40deg-aniversario-de-malvinas\" data-type=\"URL\" data-id=\"https:\/\/www.buenosaires.gob.ar\/laciudad\/noticias\/rodriguez-larreta-anuncio-la-agenda-por-el-40deg-aniversario-de-malvinas\">buenosaires.gob,ar<\/a><\/cite><\/blockquote>\n\n\n\n<div style=\"height:100px\" aria-hidden=\"true\" class=\"wp-block-spacer\"><\/div>\n\n\n\n<figure class=\"wp-block-image size-full\"><img loading=\"lazy\" decoding=\"async\" width=\"675\" height=\"675\" src=\"https:\/\/osmiss.org.ar\/news2\/wp-content\/uploads\/2022\/04\/MALVINAS.jpg\" alt=\"\" class=\"wp-image-902\" srcset=\"https:\/\/osmiss.org.ar\/news2\/wp-content\/uploads\/2022\/04\/MALVINAS.jpg 675w, https:\/\/osmiss.org.ar\/news2\/wp-content\/uploads\/2022\/04\/MALVINAS-300x300.jpg 300w, https:\/\/osmiss.org.ar\/news2\/wp-content\/uploads\/2022\/04\/MALVINAS-150x150.jpg 150w, https:\/\/osmiss.org.ar\/news2\/wp-content\/uploads\/2022\/04\/MALVINAS-60x60.jpg 60w\" sizes=\"auto, (max-width: 675px) 100vw, 675px\" \/><\/figure>\n","protected":false},"excerpt":{"rendered":"<p>40\u00b0 aniversario de la guerra de Malvinas OSMISS rinde su sentido homenaje a los valientes veteranos y a los ca\u00eddos en la gesta librada por la recuperaci\u00f3n de las Islas Malvinas, muchos de los cuales &hellip; <\/p>\n","protected":false},"author":1,"featured_media":911,"comment_status":"closed","ping_status":"open","sticky":false,"template":"","format":"standard","meta":{"om_disable_all_campaigns":false,"_monsterinsights_skip_tracking":false,"_uf_show_specific_survey":0,"_uf_disable_surveys":false,"footnotes":""},"categories":[27],"tags":[165,164],"class_list":["post-901","post","type-post","status-publish","format-standard","has-post-thumbnail","hentry","category-curiosidades","tag-dia-del-veterano","tag-guerra-malvinas","grid-sizer"],"aioseo_notices":[],"_links":{"self":[{"href":"https:\/\/osmiss.org.ar\/news2\/wp-json\/wp\/v2\/posts\/901","targetHints":{"allow":["GET"]}}],"collection":[{"href":"https:\/\/osmiss.org.ar\/news2\/wp-json\/wp\/v2\/posts"}],"about":[{"href":"https:\/\/osmiss.org.ar\/news2\/wp-json\/wp\/v2\/types\/post"}],"author":[{"embeddable":true,"href":"https:\/\/osmiss.org.ar\/news2\/wp-json\/wp\/v2\/users\/1"}],"replies":[{"embeddable":true,"href":"https:\/\/osmiss.org.ar\/news2\/wp-json\/wp\/v2\/comments?post=901"}],"version-history":[{"count":5,"href":"https:\/\/osmiss.org.ar\/news2\/wp-json\/wp\/v2\/posts\/901\/revisions"}],"predecessor-version":[{"id":910,"href":"https:\/\/osmiss.org.ar\/news2\/wp-json\/wp\/v2\/posts\/901\/revisions\/910"}],"wp:featuredmedia":[{"embeddable":true,"href":"https:\/\/osmiss.org.ar\/news2\/wp-json\/wp\/v2\/media\/911"}],"wp:attachment":[{"href":"https:\/\/osmiss.org.ar\/news2\/wp-json\/wp\/v2\/media?parent=901"}],"wp:term":[{"taxonomy":"category","embeddable":true,"href":"https:\/\/osmiss.org.ar\/news2\/wp-json\/wp\/v2\/categories?post=901"},{"taxonomy":"post_tag","embeddable":true,"href":"https:\/\/osmiss.org.ar\/news2\/wp-json\/wp\/v2\/tags?post=901"}],"curies":[{"name":"wp","href":"https:\/\/api.w.org\/{rel}","templated":true}]}}