{"id":913,"date":"2022-05-02T13:38:00","date_gmt":"2022-05-02T16:38:00","guid":{"rendered":"https:\/\/osmiss.org.ar\/news2\/?p=913"},"modified":"2024-09-13T13:07:24","modified_gmt":"2024-09-13T16:07:24","slug":"2020-2030-decada-del-envejecimiento-saludable","status":"publish","type":"post","link":"https:\/\/osmiss.org.ar\/news2\/2022\/05\/02\/2020-2030-decada-del-envejecimiento-saludable\/","title":{"rendered":"2020-2030 DECADA DEL ENVEJECIMIENTO SALUDABLE"},"content":{"rendered":"\n<p class=\"wp-block-paragraph\">2020-2030 DECADA DEL ENVEJECIMIENTO SALUDABLE<\/p>\n\n\n\n<div style=\"height:100px\" aria-hidden=\"true\" class=\"wp-block-spacer\"><\/div>\n\n\n\n<div class=\"wp-block-columns is-layout-flex wp-container-core-columns-is-layout-8f761849 wp-block-columns-is-layout-flex\">\n<div class=\"wp-block-column is-layout-flow wp-block-column-is-layout-flow\" style=\"flex-basis:33.33%\">\n<div class=\"wp-block-image\"><figure class=\"aligncenter size-full\"><img loading=\"lazy\" decoding=\"async\" width=\"700\" height=\"241\" src=\"https:\/\/osmiss.org.ar\/news2\/wp-content\/uploads\/2022\/06\/Organizacion-Panamericana-de-la-Salud.jpg\" alt=\"\" class=\"wp-image-918\" srcset=\"https:\/\/osmiss.org.ar\/news2\/wp-content\/uploads\/2022\/06\/Organizacion-Panamericana-de-la-Salud.jpg 700w, https:\/\/osmiss.org.ar\/news2\/wp-content\/uploads\/2022\/06\/Organizacion-Panamericana-de-la-Salud-300x103.jpg 300w, https:\/\/osmiss.org.ar\/news2\/wp-content\/uploads\/2022\/06\/Organizacion-Panamericana-de-la-Salud-174x60.jpg 174w\" sizes=\"auto, (max-width: 700px) 100vw, 700px\" \/><\/figure><\/div>\n<\/div>\n\n\n\n<div class=\"wp-block-column is-layout-flow wp-block-column-is-layout-flow\" style=\"flex-basis:66.66%\">\n<blockquote class=\"wp-block-quote is-layout-flow wp-block-quote-is-layout-flow\"><p>El envejecimiento saludable es un proceso continuo de optimizaci\u00f3n de oportunidades para mantener y mejorar la salud f\u00edsica y mental, la independencia y la calidad de vida a lo largo de la vida\u201d.<\/p><cite><a href=\"https:\/\/www.paho.org\/es\/envejecimiento-saludable\" data-type=\"URL\" data-id=\"https:\/\/www.paho.org\/es\/envejecimiento-saludable\">Organizaci\u00f3n Panamericana de la Salud<\/a><\/cite><\/blockquote>\n\n\n\n<p class=\"wp-block-paragraph\"><\/p>\n<\/div>\n<\/div>\n\n\n\n<div class=\"wp-block-columns is-layout-flex wp-container-core-columns-is-layout-8f761849 wp-block-columns-is-layout-flex\">\n<div class=\"wp-block-column is-layout-flow wp-block-column-is-layout-flow\" style=\"flex-basis:33.33%\">\n<div class=\"wp-block-image\"><figure class=\"aligncenter size-full\"><img loading=\"lazy\" decoding=\"async\" width=\"700\" height=\"197\" src=\"https:\/\/osmiss.org.ar\/news2\/wp-content\/uploads\/2022\/06\/Organizacion-Mundial-de-la-Salud.jpg\" alt=\"\" class=\"wp-image-915\" srcset=\"https:\/\/osmiss.org.ar\/news2\/wp-content\/uploads\/2022\/06\/Organizacion-Mundial-de-la-Salud.jpg 700w, https:\/\/osmiss.org.ar\/news2\/wp-content\/uploads\/2022\/06\/Organizacion-Mundial-de-la-Salud-300x84.jpg 300w, https:\/\/osmiss.org.ar\/news2\/wp-content\/uploads\/2022\/06\/Organizacion-Mundial-de-la-Salud-213x60.jpg 213w\" sizes=\"auto, (max-width: 700px) 100vw, 700px\" \/><\/figure><\/div>\n<\/div>\n\n\n\n<div class=\"wp-block-column is-layout-flow wp-block-column-is-layout-flow\" style=\"flex-basis:66.66%\">\n<blockquote class=\"wp-block-quote is-layout-flow wp-block-quote-is-layout-flow\"><p>El envejecimiento saludable es el proceso de fomentar y mantener la capacidad funcional que permite el bienestar en la vejez. La capacidad funcional consiste en tener los atributos que permiten a todas las personas ser y hacer lo que para ellas es importante\u201d. <\/p><cite><a href=\"https:\/\/www.who.int\/es\/news-room\/fact-sheets\/detail\/ageing-and-health\">Organizaci\u00f3n Mundial de la Salud<\/a><\/cite><\/blockquote>\n\n\n\n<p class=\"wp-block-paragraph\"><\/p>\n<\/div>\n<\/div>\n\n\n\n<hr class=\"wp-block-separator\"\/>\n\n\n\n<p class=\"wp-block-paragraph\">Sabiendo \u00e9stos conceptos, \u00bfqu\u00e9 es lo que se considera normal en el proceso de envejecimiento? Esto es lo que puedes esperar que suceda a medida que envejeces y lo que puedes hacer al respecto. A lo largo de esta nota te informaremos sobre el aparato cardiovascular, el aparato digestivo, tus huesos, las articulaciones y los m\u00fasculos, tus ojos, o\u00eddos, dientes, piel y peso corporal, tambi\u00e9n abordaremos qu\u00e9 sucede con la sexualidad en esta etapa de la vida y por \u00faltimo la memoria y tus habilidades de pensamiento.<\/p>\n\n\n\n<div style=\"height:100px\" aria-hidden=\"true\" class=\"wp-block-spacer\"><\/div>\n\n\n\n<h2 class=\"wp-block-heading\"><a href=\"https:\/\/osmiss.org.ar\/news2\/2022\/06\/02\/1-el-aparato-cardiovascular\/\">1. El aparato cardiovascular <\/a><\/h2>\n\n\n\n<h2 class=\"wp-block-heading\"><a href=\"https:\/\/osmiss.org.ar\/news2\/2022\/06\/02\/2-los-dientes\/\">2. Los dientes<\/a><\/h2>\n\n\n\n<h2 class=\"wp-block-heading\"><a href=\"https:\/\/osmiss.org.ar\/news2\/2022\/06\/01\/3-la-piel\/\">3. La piel<\/a><\/h2>\n\n\n\n<h2 class=\"wp-block-heading\"><a href=\"https:\/\/osmiss.org.ar\/news2\/2022\/06\/01\/4-ojos-y-oidos\/\">4. Ojos y o\u00eddos<\/a><\/h2>\n\n\n\n<h2 class=\"wp-block-heading\"><a href=\"https:\/\/osmiss.org.ar\/news2\/2022\/06\/01\/5-los-huesos-las-articulaciones-y-los-musculos\/\">5. Los huesos, las articulaciones y los m\u00fasculos<\/a><\/h2>\n\n\n\n<h2 class=\"wp-block-heading\"><a href=\"https:\/\/osmiss.org.ar\/news2\/2022\/05\/31\/6-tu-memoria-y-tus-habilidades-de-pensamiento\/\">6. Tu memoria y tus habilidades de pensamiento<\/a><\/h2>\n\n\n\n<h2 class=\"wp-block-heading\"><a href=\"https:\/\/osmiss.org.ar\/news2\/2022\/05\/31\/7-el-aparato-digestivo\/\">7. El aparato digestivo<\/a><\/h2>\n\n\n\n<h2 class=\"wp-block-heading\"><a href=\"https:\/\/osmiss.org.ar\/news2\/2022\/05\/30\/8-el-peso\/\">8. El peso<\/a><\/h2>\n\n\n\n<h2 class=\"wp-block-heading\"><a href=\"https:\/\/osmiss.org.ar\/news2\/2022\/05\/30\/9-tu-sexualidad\/\">9. Tu sexualidad<\/a><\/h2>\n\n\n\n<div style=\"height:100px\" aria-hidden=\"true\" class=\"wp-block-spacer\"><\/div>\n\n\n\n<div class=\"wp-block-columns is-layout-flex wp-container-core-columns-is-layout-8f761849 wp-block-columns-is-layout-flex\">\n<div class=\"wp-block-column is-layout-flow wp-block-column-is-layout-flow\" style=\"flex-basis:66.66%\">\n<figure class=\"wp-block-image size-full\"><img loading=\"lazy\" decoding=\"async\" width=\"711\" height=\"475\" src=\"https:\/\/osmiss.org.ar\/news2\/wp-content\/uploads\/2022\/06\/envejecimiento-saludable.jpg\" alt=\"\" class=\"wp-image-991\" srcset=\"https:\/\/osmiss.org.ar\/news2\/wp-content\/uploads\/2022\/06\/envejecimiento-saludable.jpg 711w, https:\/\/osmiss.org.ar\/news2\/wp-content\/uploads\/2022\/06\/envejecimiento-saludable-300x200.jpg 300w, https:\/\/osmiss.org.ar\/news2\/wp-content\/uploads\/2022\/06\/envejecimiento-saludable-90x60.jpg 90w\" sizes=\"auto, (max-width: 711px) 100vw, 711px\" \/><\/figure>\n<\/div>\n\n\n\n<div class=\"wp-block-column is-vertically-aligned-center is-layout-flow wp-block-column-is-layout-flow\" style=\"flex-basis:33.33%\">\n<h4 class=\"has-text-align-center wp-block-heading\"><span class=\"has-inline-color has-vivid-red-color\">\u201cEl envejecimiento es inapelable, pero es distinto cuando el envejecimiento es exitoso, lo que requiere cuidados desde la concepci\u00f3n. <\/span><\/h4>\n\n\n\n<h4 class=\"has-text-align-center wp-block-heading\"><span class=\"has-inline-color has-vivid-red-color\"><br>El capital de salud con el que uno nace se puede aumentar, mantener o disminuir de acuerdo a los h\u00e1bitos de vida saludable\u201d<\/span><\/h4>\n\n\n\n<p class=\"wp-block-paragraph\"><\/p>\n<\/div>\n<\/div>\n\n\n\n<h4 class=\"has-text-align-center wp-block-heading\">&#8211; REFERENCIAS <\/h4>\n\n\n\n<div class=\"wp-block-columns is-layout-flex wp-container-core-columns-is-layout-8f761849 wp-block-columns-is-layout-flex\">\n<div class=\"wp-block-column is-layout-flow wp-block-column-is-layout-flow\">\n<h5 class=\"has-black-color has-vivid-green-cyan-background-color has-text-color has-background wp-block-heading\"><mark style=\"background-color:rgba(0, 0, 0, 0)\" class=\"has-inline-color has-black-color\">(1) Actividad F\u00edsica<\/mark><\/h5>\n\n\n\n<pre class=\"wp-block-preformatted\">Realiza las actividades que te haya recomendado tu m\u00e9dico. Puedes pedir informaci\u00f3n sobre las actividades dictadas en forma virtual\/presencial que realiza la Mutualidad del C\u00edrculo de Ministros (ver informaci\u00f3n en la contratapa) y tambi\u00e9n puedes buscar las actividades al aire libre propuestas por tu municipio.<\/pre>\n<\/div>\n\n\n\n<div class=\"wp-block-column is-layout-flow wp-block-column-is-layout-flow\">\n<h5 class=\"has-black-color has-text-color has-background wp-block-heading\" style=\"background-color:#ffc525\"><mark style=\"background-color:rgba(0, 0, 0, 0)\" class=\"has-inline-color has-black-color\">(2) Dieta Saludable<\/mark><\/h5>\n\n\n\n<pre class=\"wp-block-preformatted\">Sigue las recomendaciones que te haya dado tu m\u00e9dico. En caso de que est\u00e9s reci\u00e9n comenzando, recuerda que puedes buscar un m\u00e9dico especialista en nutrici\u00f3n en nuestra cartilla de prestadores.<\/pre>\n<\/div>\n\n\n\n<div class=\"wp-block-column is-layout-flow wp-block-column-is-layout-flow\">\n<h5 class=\"has-black-color has-text-color has-background wp-block-heading\" style=\"background-color:#fbf466\"><mark style=\"background-color:rgba(0, 0, 0, 0)\" class=\"has-inline-color has-black-color\">(3) Dejar de Fumar<\/mark><\/h5>\n\n\n\n<pre class=\"wp-block-preformatted\">Sabemos que es una tarea dif\u00edcil, pero no imposible. Primero consulta a tu m\u00e9dico. \n- El Ministerio de Salud de la Naci\u00f3n propone <em>\u201cSi sos fumador\/a y ten\u00e9s dudas comunicate con la l\u00ednea gratuita<\/em> <strong>0-800-999-3040<\/strong>\u201d <a href=\"https:\/\/www.argentina.gob.ar\/salud\/consumo-de-tabaco\/como-dejar-de-fumar\">www.argentina.gob.ar<\/a> \n- Tambi\u00e9n en <a href=\"https:\/\/www.buenosaires.gob.ar\/salud\/programasdesalud\/programadeprevencionycontroldeltabaquismo\/ayuda-para-dejar-de-fumar\">www.buenosaires.gob.ar <\/a>puedes encontrar informaci\u00f3n y grupos de ayuda.<\/pre>\n<\/div>\n<\/div>\n\n\n\n<p class=\"wp-block-paragraph\"><\/p>\n\n\n\n<div class=\"wp-block-group\"><div class=\"wp-block-group__inner-container is-layout-flow wp-block-group-is-layout-flow\"><\/div><\/div>\n","protected":false},"excerpt":{"rendered":"<p>2020-2030 DECADA DEL ENVEJECIMIENTO SALUDABLE El envejecimiento saludable es un proceso continuo de optimizaci\u00f3n de oportunidades para mantener y mejorar la salud f\u00edsica y mental, la independencia y la calidad de vida a lo largo &hellip; <\/p>\n","protected":false},"author":4,"featured_media":914,"comment_status":"closed","ping_status":"closed","sticky":true,"template":"","format":"standard","meta":{"om_disable_all_campaigns":false,"_monsterinsights_skip_tracking":false,"_uf_show_specific_survey":0,"_uf_disable_surveys":false,"footnotes":""},"categories":[23,27,22,202,26],"tags":[29,61,167,166,111,113,114],"class_list":["post-913","post","type-post","status-publish","format-standard","has-post-thumbnail","hentry","category-campanadeprevencion","category-curiosidades","category-editoriales","category-funsalud","category-promociondelasalud","tag-actividades","tag-cuidado-de-la-salud","tag-oms","tag-ops","tag-prevencion","tag-promocion","tag-promocion-y-prevencion","grid-sizer"],"aioseo_notices":[],"_links":{"self":[{"href":"https:\/\/osmiss.org.ar\/news2\/wp-json\/wp\/v2\/posts\/913","targetHints":{"allow":["GET"]}}],"collection":[{"href":"https:\/\/osmiss.org.ar\/news2\/wp-json\/wp\/v2\/posts"}],"about":[{"href":"https:\/\/osmiss.org.ar\/news2\/wp-json\/wp\/v2\/types\/post"}],"author":[{"embeddable":true,"href":"https:\/\/osmiss.org.ar\/news2\/wp-json\/wp\/v2\/users\/4"}],"replies":[{"embeddable":true,"href":"https:\/\/osmiss.org.ar\/news2\/wp-json\/wp\/v2\/comments?post=913"}],"version-history":[{"count":7,"href":"https:\/\/osmiss.org.ar\/news2\/wp-json\/wp\/v2\/posts\/913\/revisions"}],"predecessor-version":[{"id":1078,"href":"https:\/\/osmiss.org.ar\/news2\/wp-json\/wp\/v2\/posts\/913\/revisions\/1078"}],"wp:featuredmedia":[{"embeddable":true,"href":"https:\/\/osmiss.org.ar\/news2\/wp-json\/wp\/v2\/media\/914"}],"wp:attachment":[{"href":"https:\/\/osmiss.org.ar\/news2\/wp-json\/wp\/v2\/media?parent=913"}],"wp:term":[{"taxonomy":"category","embeddable":true,"href":"https:\/\/osmiss.org.ar\/news2\/wp-json\/wp\/v2\/categories?post=913"},{"taxonomy":"post_tag","embeddable":true,"href":"https:\/\/osmiss.org.ar\/news2\/wp-json\/wp\/v2\/tags?post=913"}],"curies":[{"name":"wp","href":"https:\/\/api.w.org\/{rel}","templated":true}]}}