{"id":963,"date":"2022-05-02T15:36:00","date_gmt":"2022-05-02T18:36:00","guid":{"rendered":"https:\/\/osmiss.org.ar\/news2\/?p=963"},"modified":"2024-09-13T13:06:55","modified_gmt":"2024-09-13T16:06:55","slug":"6-tu-memoria-y-tus-habilidades-de-pensamiento","status":"publish","type":"post","link":"https:\/\/osmiss.org.ar\/news2\/2022\/05\/02\/6-tu-memoria-y-tus-habilidades-de-pensamiento\/","title":{"rendered":"#6 TU MEMORIA Y TUS HABILIDADES DE PENSAMIENTO"},"content":{"rendered":"\n<p class=\"wp-block-paragraph\"><a href=\"https:\/\/osmiss.org.ar\/news2\/2022\/06\/02\/2020-2030-decada-del-envejecimiento-saludable\/\">2020-2030 DECADA DEL ENVEJECIMIENTO SALUDABLE<\/a><\/p>\n\n\n\n<h2 class=\"wp-block-heading\"><span class=\"has-inline-color has-vivid-cyan-blue-color\">\u00bfQu\u00e9 est\u00e1 sucediendo?<\/span><\/h2>\n\n\n\n<p class=\"wp-block-paragraph\">A medida que envejeces, tu cerebro experimenta cambios que pueden tener efectos menores en tu memoria o en tus habilidades de pensamiento. Por ejemplo, los adultos mayores sanos pueden olvidar nombres o palabras familiares, o pueden tener m\u00e1s dificultades para realizar varias tareas a la vez.<\/p>\n\n\n\n<h2 class=\"wp-block-heading\"><span class=\"has-inline-color has-vivid-cyan-blue-color\">\u00bfQu\u00e9 puedes hacer?<\/span><\/h2>\n\n\n\n<p class=\"wp-block-paragraph\">Puedes promover la salud cognitiva si tomas las siguientes medidas:<\/p>\n\n\n\n<p class=\"wp-block-paragraph\"><strong>Incorpora la <span class=\"has-inline-color has-vivid-green-cyan-color\">actividad f\u00edsica(1)<\/span> a tu rutina diaria. <\/strong>La actividad f\u00edsica aumenta el flujo sangu\u00edneo a todo el cuerpo, incluyendo el cerebro. Los estudios sugieren que el ejercicio regular est\u00e1 relacionado con una mejor funci\u00f3n cerebral y reduce el estr\u00e9s y la depresi\u00f3n, que son factores que afectan la memoria.<\/p>\n\n\n\n<p class=\"wp-block-paragraph\"><strong>Seguir una <span class=\"has-inline-color has-luminous-vivid-orange-color\">dieta saludable(2)<\/span>.<\/strong> Una dieta saludable para el coraz\u00f3n podr\u00eda beneficiar a tu cerebro. Conc\u00e9ntrate en las frutas, los vegetales y los cereales integrales. Elige fuentes de prote\u00edna bajas en grasa, como pescado, carne magra y carne de pollo sin piel. Demasiado alcohol puede causar confusi\u00f3n y p\u00e9rdida de memoria.<\/p>\n\n\n\n<p class=\"wp-block-paragraph\"><strong>Mantente activo mentalmente.<\/strong> Mantenerse mentalmente activo podr\u00eda ayudar a mantener tu memoria y tus habilidades de pensamiento. Puedes leer, jugar juegos de palabras, comenzar un nuevo pasatiempo, tomar clases o aprender a tocar un instrumento.<\/p>\n\n\n\n<p class=\"wp-block-paragraph\"><strong>S\u00e9 sociable.<\/strong> La interacci\u00f3n social ayuda a prevenir la depresi\u00f3n y el estr\u00e9s, lo que puede contribuir a la p\u00e9rdida de memoria. Podr\u00edas ser voluntario en una escuela local o en una organizaci\u00f3n sin fines de lucro, pasar tiempo con familiares y amigos, o asistir a eventos sociales.<\/p>\n\n\n\n<p class=\"wp-block-paragraph\"><strong>Trata las enfermedades cardiovasculares. <\/strong>Sigue las recomendaciones de tu m\u00e9dico para controlar los factores de riesgo cardiovasculares (hipertensi\u00f3n, colesterol alto y diabetes) que pueden aumentar el riesgo de deterioro cognitivo.<\/p>\n\n\n\n<p class=\"wp-block-paragraph\"><strong><span style=\"color:#fad52e\" class=\"has-inline-color\">Deja de fumar(3)<\/span>.<\/strong> Si fumas, dejar de fumar podr\u00eda ayudar a tu salud cognitiva.<\/p>\n\n\n\n<p class=\"wp-block-paragraph\"><em><strong>Si te preocupa la p\u00e9rdida de memoria u otros cambios en tus habilidades de pensamiento, habla con tu m\u00e9dico.<\/strong><\/em><\/p>\n\n\n\n<div style=\"height:100px\" aria-hidden=\"true\" class=\"wp-block-spacer\"><\/div>\n\n\n\n<h5 class=\"wp-block-heading\">&#8212; Autores &#8212;&#8212;&#8212;<\/h5>\n\n\n\n<div class=\"wp-block-columns is-layout-flex wp-container-core-columns-is-layout-8f761849 wp-block-columns-is-layout-flex\">\n<div class=\"wp-block-column is-layout-flow wp-block-column-is-layout-flow\">\n<figure class=\"wp-block-image size-full\"><img loading=\"lazy\" decoding=\"async\" width=\"400\" height=\"130\" src=\"https:\/\/osmiss.org.ar\/news2\/wp-content\/uploads\/2022\/06\/autor-ing-fernandez.jpg\" alt=\"Ing. N\u00e9stor Fern\u00e1ndez\" class=\"wp-image-949\" srcset=\"https:\/\/osmiss.org.ar\/news2\/wp-content\/uploads\/2022\/06\/autor-ing-fernandez.jpg 400w, https:\/\/osmiss.org.ar\/news2\/wp-content\/uploads\/2022\/06\/autor-ing-fernandez-300x98.jpg 300w, https:\/\/osmiss.org.ar\/news2\/wp-content\/uploads\/2022\/06\/autor-ing-fernandez-185x60.jpg 185w\" sizes=\"auto, (max-width: 400px) 100vw, 400px\" \/><\/figure>\n<\/div>\n\n\n\n<div class=\"wp-block-column is-layout-flow wp-block-column-is-layout-flow\">\n<figure class=\"wp-block-image size-full\"><a href=\"https:\/\/www.funsalud.org.ar\/\"><img loading=\"lazy\" decoding=\"async\" width=\"400\" height=\"130\" src=\"https:\/\/osmiss.org.ar\/news2\/wp-content\/uploads\/2022\/06\/autor-dr-nuri-1.jpg\" alt=\"Dr. Marcelo Nuri\" class=\"wp-image-950\" srcset=\"https:\/\/osmiss.org.ar\/news2\/wp-content\/uploads\/2022\/06\/autor-dr-nuri-1.jpg 400w, https:\/\/osmiss.org.ar\/news2\/wp-content\/uploads\/2022\/06\/autor-dr-nuri-1-300x98.jpg 300w, https:\/\/osmiss.org.ar\/news2\/wp-content\/uploads\/2022\/06\/autor-dr-nuri-1-185x60.jpg 185w\" sizes=\"auto, (max-width: 400px) 100vw, 400px\" \/><\/a><\/figure>\n<\/div>\n<\/div>\n\n\n\n<div style=\"height:100px\" aria-hidden=\"true\" class=\"wp-block-spacer\"><\/div>\n\n\n\n<hr class=\"wp-block-separator\"\/>\n\n\n\n<h4 class=\"has-text-align-center wp-block-heading\">&#8211; REFERENCIAS <\/h4>\n\n\n\n<div class=\"wp-block-columns is-layout-flex wp-container-core-columns-is-layout-8f761849 wp-block-columns-is-layout-flex\">\n<div class=\"wp-block-column is-layout-flow wp-block-column-is-layout-flow\">\n<h5 class=\"has-black-color has-vivid-green-cyan-background-color has-text-color has-background wp-block-heading\"><mark style=\"background-color:rgba(0, 0, 0, 0)\" class=\"has-inline-color has-black-color\">(1) Actividad F\u00edsica<\/mark><\/h5>\n\n\n\n<pre class=\"wp-block-preformatted\">Realiza las actividades que te haya recomendado tu m\u00e9dico. Puedes pedir informaci\u00f3n sobre las actividades dictadas en forma virtual\/presencial que realiza la Mutualidad del C\u00edrculo de Ministros (ver informaci\u00f3n en la contratapa) y tambi\u00e9n puedes buscar las actividades al aire libre propuestas por tu municipio.<\/pre>\n<\/div>\n\n\n\n<div class=\"wp-block-column is-layout-flow wp-block-column-is-layout-flow\">\n<h5 class=\"has-black-color has-text-color has-background wp-block-heading\" style=\"background-color:#ffc525\"><mark style=\"background-color:rgba(0, 0, 0, 0)\" class=\"has-inline-color has-black-color\">(2) Dieta Saludable<\/mark><\/h5>\n\n\n\n<pre class=\"wp-block-preformatted\">Sigue las recomendaciones que te haya dado tu m\u00e9dico. En caso de que est\u00e9s reci\u00e9n comenzando, recuerda que puedes buscar un m\u00e9dico especialista en nutrici\u00f3n en nuestra cartilla de prestadores.<\/pre>\n<\/div>\n\n\n\n<div class=\"wp-block-column is-layout-flow wp-block-column-is-layout-flow\">\n<h5 class=\"has-black-color has-text-color has-background wp-block-heading\" style=\"background-color:#fbf466\"><mark style=\"background-color:rgba(0, 0, 0, 0)\" class=\"has-inline-color has-black-color\">(3) Dejar de Fumar<\/mark><\/h5>\n\n\n\n<pre class=\"wp-block-preformatted\">Sabemos que es una tarea dif\u00edcil, pero no imposible. Primero consulta a tu m\u00e9dico. \n- El Ministerio de Salud de la Naci\u00f3n propone <em>\u201cSi sos fumador\/a y ten\u00e9s dudas comunicate con la l\u00ednea gratuita<\/em> <strong>0-800-999-3040<\/strong>\u201d <a href=\"https:\/\/www.argentina.gob.ar\/salud\/consumo-de-tabaco\/como-dejar-de-fumar\">www.argentina.gob.ar<\/a> \n- Tambi\u00e9n en <a href=\"https:\/\/www.buenosaires.gob.ar\/salud\/programasdesalud\/programadeprevencionycontroldeltabaquismo\/ayuda-para-dejar-de-fumar\">www.buenosaires.gob.ar <\/a>puedes encontrar informaci\u00f3n y grupos de ayuda.<\/pre>\n<\/div>\n<\/div>\n\n\n\n<p class=\"wp-block-paragraph\"><\/p>\n","protected":false},"excerpt":{"rendered":"<p>2020-2030 DECADA DEL ENVEJECIMIENTO SALUDABLE \u00bfQu\u00e9 est\u00e1 sucediendo? A medida que envejeces, tu cerebro experimenta cambios que pueden tener efectos menores en tu memoria o en tus habilidades de pensamiento. Por ejemplo, los adultos mayores &hellip; <\/p>\n","protected":false},"author":4,"featured_media":970,"comment_status":"closed","ping_status":"closed","sticky":false,"template":"","format":"standard","meta":{"om_disable_all_campaigns":false,"_monsterinsights_skip_tracking":false,"_uf_show_specific_survey":0,"_uf_disable_surveys":false,"footnotes":""},"categories":[23,202,26],"tags":[61,96,111,113,114,127],"class_list":["post-963","post","type-post","status-publish","format-standard","has-post-thumbnail","hentry","category-campanadeprevencion","category-funsalud","category-promociondelasalud","tag-cuidado-de-la-salud","tag-memoria","tag-prevencion","tag-promocion","tag-promocion-y-prevencion","tag-talle-de-la-memoria","grid-sizer"],"aioseo_notices":[],"_links":{"self":[{"href":"https:\/\/osmiss.org.ar\/news2\/wp-json\/wp\/v2\/posts\/963","targetHints":{"allow":["GET"]}}],"collection":[{"href":"https:\/\/osmiss.org.ar\/news2\/wp-json\/wp\/v2\/posts"}],"about":[{"href":"https:\/\/osmiss.org.ar\/news2\/wp-json\/wp\/v2\/types\/post"}],"author":[{"embeddable":true,"href":"https:\/\/osmiss.org.ar\/news2\/wp-json\/wp\/v2\/users\/4"}],"replies":[{"embeddable":true,"href":"https:\/\/osmiss.org.ar\/news2\/wp-json\/wp\/v2\/comments?post=963"}],"version-history":[{"count":2,"href":"https:\/\/osmiss.org.ar\/news2\/wp-json\/wp\/v2\/posts\/963\/revisions"}],"predecessor-version":[{"id":974,"href":"https:\/\/osmiss.org.ar\/news2\/wp-json\/wp\/v2\/posts\/963\/revisions\/974"}],"wp:featuredmedia":[{"embeddable":true,"href":"https:\/\/osmiss.org.ar\/news2\/wp-json\/wp\/v2\/media\/970"}],"wp:attachment":[{"href":"https:\/\/osmiss.org.ar\/news2\/wp-json\/wp\/v2\/media?parent=963"}],"wp:term":[{"taxonomy":"category","embeddable":true,"href":"https:\/\/osmiss.org.ar\/news2\/wp-json\/wp\/v2\/categories?post=963"},{"taxonomy":"post_tag","embeddable":true,"href":"https:\/\/osmiss.org.ar\/news2\/wp-json\/wp\/v2\/tags?post=963"}],"curies":[{"name":"wp","href":"https:\/\/api.w.org\/{rel}","templated":true}]}}