{"id":981,"date":"2022-05-02T16:10:00","date_gmt":"2022-05-02T19:10:00","guid":{"rendered":"https:\/\/osmiss.org.ar\/news2\/?p=981"},"modified":"2024-09-13T13:06:33","modified_gmt":"2024-09-13T16:06:33","slug":"3-la-piel","status":"publish","type":"post","link":"https:\/\/osmiss.org.ar\/news2\/2022\/05\/02\/3-la-piel\/","title":{"rendered":"#3 LA PIEL"},"content":{"rendered":"\n<p class=\"wp-block-paragraph\"><a href=\"https:\/\/osmiss.org.ar\/news2\/2022\/06\/02\/2020-2030-decada-del-envejecimiento-saludable\/\">2020-2030 DECADA DEL ENVEJECIMIENTO SALUDABLE<\/a><\/p>\n\n\n\n<h2 class=\"wp-block-heading\"><span class=\"has-inline-color has-vivid-cyan-blue-color\">\u00bfQu\u00e9 est\u00e1 sucediendo?<\/span><\/h2>\n\n\n\n<p class=\"wp-block-paragraph\">Con la edad, la piel se vuelve m\u00e1s fina, menos el\u00e1stica y m\u00e1s fr\u00e1gil, y disminuye el tejido graso debajo de la piel. Es posible que notes que te salen moretones con mayor facilidad. La disminuci\u00f3n en la producci\u00f3n de aceites naturales podr\u00eda resecar la piel. Se vuelven m\u00e1s comunes las arrugas, las manchas de la edad y peque\u00f1os crecimientos llamados papilomas cut\u00e1neos.<\/p>\n\n\n\n<h2 class=\"wp-block-heading\"><span class=\"has-inline-color has-vivid-cyan-blue-color\">\u00bfQu\u00e9 puedes hacer?<\/span><\/h2>\n\n\n\n<p class=\"wp-block-paragraph\">Para mejorar la salud de la piel:<\/p>\n\n\n\n<p class=\"wp-block-paragraph\"><strong>Act\u00faa con cuidado. <\/strong>B\u00e1\u00f1ate o d\u00fachate con agua tibia, no caliente. Usa jab\u00f3n suave y crema hidratante.<\/p>\n\n\n\n<p class=\"wp-block-paragraph\"><strong>Toma precauciones.<\/strong> Cuando est\u00e9s al aire libre, usa protector solar y ropa de protecci\u00f3n. Controla la piel regularmente e informa los cambios a tu m\u00e9dico.<\/p>\n\n\n\n<p class=\"wp-block-paragraph\"><strong><span style=\"color:#f8d267\" class=\"has-inline-color\">No fumes(3).<\/span><\/strong> Fumar contribuye al da\u00f1o de la piel, como por ejemplo la aparici\u00f3n temprana de las arrugas. Pide a tu m\u00e9dico que te ayude a dejarlo.<\/p>\n\n\n\n<div style=\"height:100px\" aria-hidden=\"true\" class=\"wp-block-spacer\"><\/div>\n\n\n\n<h5 class=\"wp-block-heading\">&#8212; Autores &#8212;&#8212;&#8212;<\/h5>\n\n\n\n<div class=\"wp-block-columns is-layout-flex wp-container-core-columns-is-layout-8f761849 wp-block-columns-is-layout-flex\">\n<div class=\"wp-block-column is-layout-flow wp-block-column-is-layout-flow\">\n<figure class=\"wp-block-image size-full\"><img loading=\"lazy\" decoding=\"async\" width=\"400\" height=\"130\" src=\"https:\/\/osmiss.org.ar\/news2\/wp-content\/uploads\/2022\/06\/autor-ing-fernandez.jpg\" alt=\"Ing. N\u00e9stor Fern\u00e1ndez\" class=\"wp-image-949\" srcset=\"https:\/\/osmiss.org.ar\/news2\/wp-content\/uploads\/2022\/06\/autor-ing-fernandez.jpg 400w, https:\/\/osmiss.org.ar\/news2\/wp-content\/uploads\/2022\/06\/autor-ing-fernandez-300x98.jpg 300w, https:\/\/osmiss.org.ar\/news2\/wp-content\/uploads\/2022\/06\/autor-ing-fernandez-185x60.jpg 185w\" sizes=\"auto, (max-width: 400px) 100vw, 400px\" \/><\/figure>\n<\/div>\n\n\n\n<div class=\"wp-block-column is-layout-flow wp-block-column-is-layout-flow\">\n<figure class=\"wp-block-image size-full\"><a href=\"https:\/\/www.funsalud.org.ar\/\"><img loading=\"lazy\" decoding=\"async\" width=\"400\" height=\"130\" src=\"https:\/\/osmiss.org.ar\/news2\/wp-content\/uploads\/2022\/06\/autor-dr-nuri-1.jpg\" alt=\"Dr. Marcelo Nuri\" class=\"wp-image-950\" srcset=\"https:\/\/osmiss.org.ar\/news2\/wp-content\/uploads\/2022\/06\/autor-dr-nuri-1.jpg 400w, https:\/\/osmiss.org.ar\/news2\/wp-content\/uploads\/2022\/06\/autor-dr-nuri-1-300x98.jpg 300w, https:\/\/osmiss.org.ar\/news2\/wp-content\/uploads\/2022\/06\/autor-dr-nuri-1-185x60.jpg 185w\" sizes=\"auto, (max-width: 400px) 100vw, 400px\" \/><\/a><\/figure>\n<\/div>\n<\/div>\n\n\n\n<div style=\"height:100px\" aria-hidden=\"true\" class=\"wp-block-spacer\"><\/div>\n\n\n\n<hr class=\"wp-block-separator\"\/>\n\n\n\n<h4 class=\"has-text-align-center wp-block-heading\">&#8211; REFERENCIAS <\/h4>\n\n\n\n<div class=\"wp-block-columns is-layout-flex wp-container-core-columns-is-layout-8f761849 wp-block-columns-is-layout-flex\">\n<div class=\"wp-block-column is-layout-flow wp-block-column-is-layout-flow\">\n<h5 class=\"has-black-color has-vivid-green-cyan-background-color has-text-color has-background wp-block-heading\"><mark style=\"background-color:rgba(0, 0, 0, 0)\" class=\"has-inline-color has-black-color\">(1) Actividad F\u00edsica<\/mark><\/h5>\n\n\n\n<pre class=\"wp-block-preformatted\">Realiza las actividades que te haya recomendado tu m\u00e9dico. Puedes pedir informaci\u00f3n sobre las actividades dictadas en forma virtual\/presencial que realiza la Mutualidad del C\u00edrculo de Ministros (ver informaci\u00f3n en la contratapa) y tambi\u00e9n puedes buscar las actividades al aire libre propuestas por tu municipio.<\/pre>\n<\/div>\n\n\n\n<div class=\"wp-block-column is-layout-flow wp-block-column-is-layout-flow\">\n<h5 class=\"has-black-color has-text-color has-background wp-block-heading\" style=\"background-color:#ffc525\"><mark style=\"background-color:rgba(0, 0, 0, 0)\" class=\"has-inline-color has-black-color\">(2) Dieta Saludable<\/mark><\/h5>\n\n\n\n<pre class=\"wp-block-preformatted\">Sigue las recomendaciones que te haya dado tu m\u00e9dico. En caso de que est\u00e9s reci\u00e9n comenzando, recuerda que puedes buscar un m\u00e9dico especialista en nutrici\u00f3n en nuestra cartilla de prestadores.<\/pre>\n<\/div>\n\n\n\n<div class=\"wp-block-column is-layout-flow wp-block-column-is-layout-flow\">\n<h5 class=\"has-black-color has-text-color has-background wp-block-heading\" style=\"background-color:#fbf466\"><mark style=\"background-color:rgba(0, 0, 0, 0)\" class=\"has-inline-color has-black-color\">(3) Dejar de Fumar<\/mark><\/h5>\n\n\n\n<pre class=\"wp-block-preformatted\">Sabemos que es una tarea dif\u00edcil, pero no imposible. Primero consulta a tu m\u00e9dico. \n- El Ministerio de Salud de la Naci\u00f3n propone <em>\u201cSi sos fumador\/a y ten\u00e9s dudas comunicate con la l\u00ednea gratuita<\/em> <strong>0-800-999-3040<\/strong>\u201d <a href=\"https:\/\/www.argentina.gob.ar\/salud\/consumo-de-tabaco\/como-dejar-de-fumar\">www.argentina.gob.ar<\/a> \n- Tambi\u00e9n en <a href=\"https:\/\/www.buenosaires.gob.ar\/salud\/programasdesalud\/programadeprevencionycontroldeltabaquismo\/ayuda-para-dejar-de-fumar\">www.buenosaires.gob.ar <\/a>puedes encontrar informaci\u00f3n y grupos de ayuda.<\/pre>\n<\/div>\n<\/div>\n\n\n\n<p class=\"wp-block-paragraph\"><\/p>\n","protected":false},"excerpt":{"rendered":"<p>2020-2030 DECADA DEL ENVEJECIMIENTO SALUDABLE \u00bfQu\u00e9 est\u00e1 sucediendo? Con la edad, la piel se vuelve m\u00e1s fina, menos el\u00e1stica y m\u00e1s fr\u00e1gil, y disminuye el tejido graso debajo de la piel. Es posible que notes &hellip; <\/p>\n","protected":false},"author":4,"featured_media":982,"comment_status":"closed","ping_status":"closed","sticky":false,"template":"","format":"standard","meta":{"om_disable_all_campaigns":false,"_monsterinsights_skip_tracking":false,"_uf_show_specific_survey":0,"_uf_disable_surveys":false,"footnotes":""},"categories":[23,202,26],"tags":[61,108,111,113,114],"class_list":["post-981","post","type-post","status-publish","format-standard","has-post-thumbnail","hentry","category-campanadeprevencion","category-funsalud","category-promociondelasalud","tag-cuidado-de-la-salud","tag-piel","tag-prevencion","tag-promocion","tag-promocion-y-prevencion","grid-sizer"],"aioseo_notices":[],"_links":{"self":[{"href":"https:\/\/osmiss.org.ar\/news2\/wp-json\/wp\/v2\/posts\/981","targetHints":{"allow":["GET"]}}],"collection":[{"href":"https:\/\/osmiss.org.ar\/news2\/wp-json\/wp\/v2\/posts"}],"about":[{"href":"https:\/\/osmiss.org.ar\/news2\/wp-json\/wp\/v2\/types\/post"}],"author":[{"embeddable":true,"href":"https:\/\/osmiss.org.ar\/news2\/wp-json\/wp\/v2\/users\/4"}],"replies":[{"embeddable":true,"href":"https:\/\/osmiss.org.ar\/news2\/wp-json\/wp\/v2\/comments?post=981"}],"version-history":[{"count":1,"href":"https:\/\/osmiss.org.ar\/news2\/wp-json\/wp\/v2\/posts\/981\/revisions"}],"predecessor-version":[{"id":983,"href":"https:\/\/osmiss.org.ar\/news2\/wp-json\/wp\/v2\/posts\/981\/revisions\/983"}],"wp:featuredmedia":[{"embeddable":true,"href":"https:\/\/osmiss.org.ar\/news2\/wp-json\/wp\/v2\/media\/982"}],"wp:attachment":[{"href":"https:\/\/osmiss.org.ar\/news2\/wp-json\/wp\/v2\/media?parent=981"}],"wp:term":[{"taxonomy":"category","embeddable":true,"href":"https:\/\/osmiss.org.ar\/news2\/wp-json\/wp\/v2\/categories?post=981"},{"taxonomy":"post_tag","embeddable":true,"href":"https:\/\/osmiss.org.ar\/news2\/wp-json\/wp\/v2\/tags?post=981"}],"curies":[{"name":"wp","href":"https:\/\/api.w.org\/{rel}","templated":true}]}}