{"id":984,"date":"2022-05-02T16:19:08","date_gmt":"2022-05-02T19:19:08","guid":{"rendered":"https:\/\/osmiss.org.ar\/news2\/?p=984"},"modified":"2024-09-13T13:06:27","modified_gmt":"2024-09-13T16:06:27","slug":"2-los-dientes","status":"publish","type":"post","link":"https:\/\/osmiss.org.ar\/news2\/2022\/05\/02\/2-los-dientes\/","title":{"rendered":"#2 LOS DIENTES"},"content":{"rendered":"\n<p class=\"wp-block-paragraph\"><a href=\"https:\/\/osmiss.org.ar\/news2\/2022\/06\/02\/2020-2030-decada-del-envejecimiento-saludable\/\">2020-2030 DECADA DEL ENVEJECIMIENTO SALUDABLE<\/a><\/p>\n\n\n\n<h2 class=\"wp-block-heading\"><span class=\"has-inline-color has-vivid-cyan-blue-color\">\u00bfQu\u00e9 est\u00e1 sucediendo?<\/span><\/h2>\n\n\n\n<p class=\"wp-block-paragraph\">Las enc\u00edas podr\u00edan retraerse de los dientes. Ciertos medicamentos, como los que tratan las alergias, el asma, la hipertensi\u00f3n arterial y el colesterol alto, tambi\u00e9n pueden causar resequedad en la boca. Como resultado, tus dientes y enc\u00edas pueden volverse ligeramente m\u00e1s vulnerables a las caries y a las infecciones.<\/p>\n\n\n\n<h2 class=\"wp-block-heading\"><span class=\"has-inline-color has-vivid-cyan-blue-color\">\u00bfQu\u00e9 puedes hacer?<\/span><\/h2>\n\n\n\n<p class=\"wp-block-paragraph\">Para fomentar la salud bucal:<\/p>\n\n\n\n<p class=\"wp-block-paragraph\"><strong>Cepillarse los dientes y usa hilo dental. <\/strong>Cepillarse los dientes dos veces al d\u00eda y limpia entre los dientes, usando hilo dental regular o un limpiador interdental, una vez al d\u00eda.<\/p>\n\n\n\n<p class=\"wp-block-paragraph\"><strong>Programa chequeos regulares. <\/strong>Visita a tu dentista o higienista dental para hacer chequeos dentales regulares.<\/p>\n\n\n\n<div style=\"height:100px\" aria-hidden=\"true\" class=\"wp-block-spacer\"><\/div>\n\n\n\n<h5 class=\"wp-block-heading\">&#8212; Autores &#8212;&#8212;&#8212;<\/h5>\n\n\n\n<div class=\"wp-block-columns is-layout-flex wp-container-core-columns-is-layout-8f761849 wp-block-columns-is-layout-flex\">\n<div class=\"wp-block-column is-layout-flow wp-block-column-is-layout-flow\">\n<figure class=\"wp-block-image size-full\"><img loading=\"lazy\" decoding=\"async\" width=\"400\" height=\"130\" src=\"https:\/\/osmiss.org.ar\/news2\/wp-content\/uploads\/2022\/06\/autor-ing-fernandez.jpg\" alt=\"Ing. N\u00e9stor Fern\u00e1ndez\" class=\"wp-image-949\" srcset=\"https:\/\/osmiss.org.ar\/news2\/wp-content\/uploads\/2022\/06\/autor-ing-fernandez.jpg 400w, https:\/\/osmiss.org.ar\/news2\/wp-content\/uploads\/2022\/06\/autor-ing-fernandez-300x98.jpg 300w, https:\/\/osmiss.org.ar\/news2\/wp-content\/uploads\/2022\/06\/autor-ing-fernandez-185x60.jpg 185w\" sizes=\"auto, (max-width: 400px) 100vw, 400px\" \/><\/figure>\n<\/div>\n\n\n\n<div class=\"wp-block-column is-layout-flow wp-block-column-is-layout-flow\">\n<figure class=\"wp-block-image size-full\"><a href=\"https:\/\/www.funsalud.org.ar\/\"><img loading=\"lazy\" decoding=\"async\" width=\"400\" height=\"130\" src=\"https:\/\/osmiss.org.ar\/news2\/wp-content\/uploads\/2022\/06\/autor-dr-nuri-1.jpg\" alt=\"Dr. Marcelo Nuri\" class=\"wp-image-950\" srcset=\"https:\/\/osmiss.org.ar\/news2\/wp-content\/uploads\/2022\/06\/autor-dr-nuri-1.jpg 400w, https:\/\/osmiss.org.ar\/news2\/wp-content\/uploads\/2022\/06\/autor-dr-nuri-1-300x98.jpg 300w, https:\/\/osmiss.org.ar\/news2\/wp-content\/uploads\/2022\/06\/autor-dr-nuri-1-185x60.jpg 185w\" sizes=\"auto, (max-width: 400px) 100vw, 400px\" \/><\/a><\/figure>\n<\/div>\n<\/div>\n\n\n\n<div style=\"height:100px\" aria-hidden=\"true\" class=\"wp-block-spacer\"><\/div>\n\n\n\n<hr class=\"wp-block-separator\"\/>\n\n\n\n<h4 class=\"has-text-align-center wp-block-heading\">&#8211; REFERENCIAS <\/h4>\n\n\n\n<div class=\"wp-block-columns is-layout-flex wp-container-core-columns-is-layout-8f761849 wp-block-columns-is-layout-flex\">\n<div class=\"wp-block-column is-layout-flow wp-block-column-is-layout-flow\">\n<h5 class=\"has-black-color has-vivid-green-cyan-background-color has-text-color has-background wp-block-heading\"><mark style=\"background-color:rgba(0, 0, 0, 0)\" class=\"has-inline-color has-black-color\">(1) Actividad F\u00edsica<\/mark><\/h5>\n\n\n\n<pre class=\"wp-block-preformatted\">Realiza las actividades que te haya recomendado tu m\u00e9dico. Puedes pedir informaci\u00f3n sobre las actividades dictadas en forma virtual\/presencial que realiza la Mutualidad del C\u00edrculo de Ministros (ver informaci\u00f3n en la contratapa) y tambi\u00e9n puedes buscar las actividades al aire libre propuestas por tu municipio.<\/pre>\n<\/div>\n\n\n\n<div class=\"wp-block-column is-layout-flow wp-block-column-is-layout-flow\">\n<h5 class=\"has-black-color has-text-color has-background wp-block-heading\" style=\"background-color:#ffc525\"><mark style=\"background-color:rgba(0, 0, 0, 0)\" class=\"has-inline-color has-black-color\">(2) Dieta Saludable<\/mark><\/h5>\n\n\n\n<pre class=\"wp-block-preformatted\">Sigue las recomendaciones que te haya dado tu m\u00e9dico. En caso de que est\u00e9s reci\u00e9n comenzando, recuerda que puedes buscar un m\u00e9dico especialista en nutrici\u00f3n en nuestra cartilla de prestadores.<\/pre>\n<\/div>\n\n\n\n<div class=\"wp-block-column is-layout-flow wp-block-column-is-layout-flow\">\n<h5 class=\"has-black-color has-text-color has-background wp-block-heading\" style=\"background-color:#fbf466\"><mark style=\"background-color:rgba(0, 0, 0, 0)\" class=\"has-inline-color has-black-color\">(3) Dejar de Fumar<\/mark><\/h5>\n\n\n\n<pre class=\"wp-block-preformatted\">Sabemos que es una tarea dif\u00edcil, pero no imposible. Primero consulta a tu m\u00e9dico. \n- El Ministerio de Salud de la Naci\u00f3n propone <em>\u201cSi sos fumador\/a y ten\u00e9s dudas comunicate con la l\u00ednea gratuita<\/em> <strong>0-800-999-3040<\/strong>\u201d <a href=\"https:\/\/www.argentina.gob.ar\/salud\/consumo-de-tabaco\/como-dejar-de-fumar\">www.argentina.gob.ar<\/a> \n- Tambi\u00e9n en <a href=\"https:\/\/www.buenosaires.gob.ar\/salud\/programasdesalud\/programadeprevencionycontroldeltabaquismo\/ayuda-para-dejar-de-fumar\">www.buenosaires.gob.ar <\/a>puedes encontrar informaci\u00f3n y grupos de ayuda.<\/pre>\n<\/div>\n<\/div>\n\n\n\n<p class=\"wp-block-paragraph\"><\/p>\n","protected":false},"excerpt":{"rendered":"<p>2020-2030 DECADA DEL ENVEJECIMIENTO SALUDABLE \u00bfQu\u00e9 est\u00e1 sucediendo? Las enc\u00edas podr\u00edan retraerse de los dientes. Ciertos medicamentos, como los que tratan las alergias, el asma, la hipertensi\u00f3n arterial y el colesterol alto, tambi\u00e9n pueden causar &hellip; <\/p>\n","protected":false},"author":4,"featured_media":985,"comment_status":"closed","ping_status":"closed","sticky":false,"template":"","format":"standard","meta":{"om_disable_all_campaigns":false,"_monsterinsights_skip_tracking":false,"_uf_show_specific_survey":0,"_uf_disable_surveys":false,"footnotes":""},"categories":[23,202,26],"tags":[61,111,113,114],"class_list":["post-984","post","type-post","status-publish","format-standard","has-post-thumbnail","hentry","category-campanadeprevencion","category-funsalud","category-promociondelasalud","tag-cuidado-de-la-salud","tag-prevencion","tag-promocion","tag-promocion-y-prevencion","grid-sizer"],"aioseo_notices":[],"_links":{"self":[{"href":"https:\/\/osmiss.org.ar\/news2\/wp-json\/wp\/v2\/posts\/984","targetHints":{"allow":["GET"]}}],"collection":[{"href":"https:\/\/osmiss.org.ar\/news2\/wp-json\/wp\/v2\/posts"}],"about":[{"href":"https:\/\/osmiss.org.ar\/news2\/wp-json\/wp\/v2\/types\/post"}],"author":[{"embeddable":true,"href":"https:\/\/osmiss.org.ar\/news2\/wp-json\/wp\/v2\/users\/4"}],"replies":[{"embeddable":true,"href":"https:\/\/osmiss.org.ar\/news2\/wp-json\/wp\/v2\/comments?post=984"}],"version-history":[{"count":1,"href":"https:\/\/osmiss.org.ar\/news2\/wp-json\/wp\/v2\/posts\/984\/revisions"}],"predecessor-version":[{"id":986,"href":"https:\/\/osmiss.org.ar\/news2\/wp-json\/wp\/v2\/posts\/984\/revisions\/986"}],"wp:featuredmedia":[{"embeddable":true,"href":"https:\/\/osmiss.org.ar\/news2\/wp-json\/wp\/v2\/media\/985"}],"wp:attachment":[{"href":"https:\/\/osmiss.org.ar\/news2\/wp-json\/wp\/v2\/media?parent=984"}],"wp:term":[{"taxonomy":"category","embeddable":true,"href":"https:\/\/osmiss.org.ar\/news2\/wp-json\/wp\/v2\/categories?post=984"},{"taxonomy":"post_tag","embeddable":true,"href":"https:\/\/osmiss.org.ar\/news2\/wp-json\/wp\/v2\/tags?post=984"}],"curies":[{"name":"wp","href":"https:\/\/api.w.org\/{rel}","templated":true}]}}