{"id":99,"date":"2016-04-03T10:13:42","date_gmt":"2016-04-03T13:13:42","guid":{"rendered":"http:\/\/www.osmiss.com.ar\/news\/?p=99"},"modified":"2022-03-31T15:06:58","modified_gmt":"2022-03-31T18:06:58","slug":"el-futuro-de-los-adultos-mayores","status":"publish","type":"post","link":"https:\/\/osmiss.org.ar\/news2\/2016\/04\/03\/el-futuro-de-los-adultos-mayores\/","title":{"rendered":"El futuro de los adultos mayores"},"content":{"rendered":"<p>Definida sobre la base del equilibrio econ\u00f3mico y social, en el inicio de la primera d\u00e9cada del siglo XX, se establecieron las pol\u00edticas para el ordenamiento de la comunidad en relaci\u00f3n a las etapas et\u00e1reas referenciales de la vida, seg\u00fan la expectativa existente en ese momento.<\/p>\n<p>Dicho ordenamiento, basado en la pir\u00e1mide poblacional existente entonces, con una esperanza de vida de 60 a\u00f1os, permiti\u00f3 dar factibilidad al funcionamiento de dicha sociedad.<\/p>\n<p>En relaci\u00f3n a los adultos mayores en nuestro pa\u00eds, este ordenamiento se estructura pasando legalmente a la pasividad a aquellos mayores de 60 a\u00f1os (para las mujeres) y 65 a\u00f1os (para los hombres).<\/p>\n<p>Esta conformaci\u00f3n social se basaba en considerar como menoscabadas sus fuerzas vitales y, por lo tanto, el rendimiento de las personas mayores para la sociedad, no juzgando a las mismas \u00fatiles en funci\u00f3n de su productividad.<\/p>\n<p>Esta minusval\u00eda se justificaba en base a tres factores fundamentales:<\/p>\n<ol>\n<li>La invalidez progresiva generada por el deterioro natural del organismo.<\/li>\n<li>La acentuaci\u00f3n de la morbilidad en las enfermedades cr\u00f3nicas.<\/li>\n<li>Los problemas psicol\u00f3gicos y sociales (marginaci\u00f3n) que aparec\u00edan vinculados con situaciones familiares y econ\u00f3micas, con la desaprobaci\u00f3n de criterios de solidaridad social.<\/li>\n<\/ol>\n<p>Dicho encuadre pol\u00edtico del ordenamiento et\u00e1reo de la sociedad facilit\u00f3 el equilibrio econ\u00f3mico financiero del funcionamiento social, a\u00fan cuando el devenir de la evoluci\u00f3n social no fu\u00e9 tomado en cuenta.<\/p>\n<p>Es as\u00ed que, sobre los factores que produc\u00edan el envejecimiento, en ese momento no exist\u00eda una explicaci\u00f3n o justificaci\u00f3n adecuada y mucho menos la forma de detenerlo.<\/p>\n<p>S\u00ed es posible se\u00f1alar hoy que la morbilidad de los adultos mayores est\u00e1 relacionada con la calidad de vida de la sociedad en la que el ser humano se desenvuelve y envejece.<\/p>\n<p>Llegado al siglo XXI, dicha estructuraci\u00f3n de la sociedad parece no coincidir con la conformaci\u00f3n de la actual estructura et\u00e1rea, donde ya en los pa\u00edses desarrollados se establece para los reci\u00e9n nacidos una expectativa de vida de 120 a\u00f1os como consecuencia de la mejor calidad de vida existente, fundamentalmente generada por:<\/p>\n<ol>\n<li>Un menor deterioro natural del organismo y, el correlativo diferimiento de una posible invalidez.<\/li>\n<li>Una disminuci\u00f3n de la morbilidad en las enfermedades cr\u00f3nicas.<\/li>\n<li>Criterios de solidaridad m\u00e1s arraigados nacionales.<\/li>\n<\/ol>\n<p>Como se ve, las perspectivas actuales difieren sustancialmente de las planteadas en el paradigma de la primera d\u00e9cada del siglo XX lo que conduce a la necesidad de establecer un nuevo paradigma para encarar la problem\u00e1tica de los adultos mayores en las sociedades que ellos integran; para ello, se deben eliminar, fundamentalmente, todas las pol\u00edticas de marginaci\u00f3n existentes en la actualidad.<\/p>\n<p>Se entiende que para evitar las contingencias existentes deben reorientarse los conceptos asignables en la actualidad a los adultos mayores, prioriz\u00e1ndose:<\/p>\n<ol>\n<li>La mantenci\u00f3n m\u00e1xima de la actividad psicof\u00edsica.<\/li>\n<li>Lograr la rehabilitaci\u00f3n psicof\u00edsica lo m\u00e1s completa posible.<\/li>\n<li>Permitir una integraci\u00f3n social y familiar lo m\u00e1s amplia posible.<\/li>\n<\/ol>\n<p>Finalmente cabe se\u00f1alar que hoy los adultos mayores constituyen un valioso recurso de vida para la econom\u00eda en general, la sociedad y la familia. Sus aportes, a menudo hoy mal retribuidos, son de un valor importante para el desarrollo, debiendo recordarse que en la actualidad los adultos mayores (65 a\u00f1os o m\u00e1s) tienen igual porcentaje de participaci\u00f3n en la \u201cpir\u00e1mide\u201d poblacional que los menores de 15 a\u00f1os.<\/p>\n<p>Con este marco referencial, OSMISS ha planteado a los efectos de posibilitar el cambio del paradigma para los adultos mayores y concretar la formulaci\u00f3n del nuevo ordenamiento socio-econ\u00f3mico, la definici\u00f3n de una pol\u00edtica necesaria para implementar esta estrategia de reordenamiento econ\u00f3mico social.<\/p>\n<p>En este marco se propuso y se concret\u00f3 la creaci\u00f3n del FIPEM \u2013 Foro Interdisciplinario de Personas Mayores \u2013, integr\u00e1ndose el mismo con la participaci\u00f3n de las siguientes entidades:<\/p>\n<ul>\n<li>Departamento de Salud P\u00fablica de la Facultad de Medicina, U.B.A.<\/li>\n<li>Consejo Consultivo de la Sociedad Civil, Canciller\u00eda Argentina.<\/li>\n<li>Confederaci\u00f3n General de Jubilados, Retirados, Pensionado y Adultos Mayores del Pa\u00eds.<\/li>\n<li>Geront\u00f3logos Argentinos Asociaci\u00f3n Civil.<\/li>\n<li>Sociedad Argentina de Gerontolog\u00eda y Geriatr\u00eda.<\/li>\n<li>C\u00edrculo de Ministros, Secretarios y Subsecretarios del P.E.N.<\/li>\n<li>Mutualidad del C\u00edrculo de Ministros, Secretarios y Subsecretarios del P.E.N.<\/li>\n<\/ul>\n<hr \/>\n<p><img loading=\"lazy\" decoding=\"async\" class=\"alignnone wp-image-310 size-full\" title=\"Ing. N\u00e9stor E. Fern\u00e1ndez Presidente de OSMISS\" src=\"https:\/\/osmiss.org.ar\/news2\/wp-content\/uploads\/2018\/05\/fotopresidencia2.jpg\" alt=\"Imagen del Ing. N\u00e9stor E. Fern\u00e1ndez\" width=\"150\" height=\"150\" srcset=\"https:\/\/osmiss.org.ar\/news2\/wp-content\/uploads\/2018\/05\/fotopresidencia2.jpg 150w, https:\/\/osmiss.org.ar\/news2\/wp-content\/uploads\/2018\/05\/fotopresidencia2-60x60.jpg 60w\" sizes=\"auto, (max-width: 150px) 100vw, 150px\" \/><\/p>\n<p><em><strong>Ing. N\u00e9stor E. Fern\u00e1ndez<\/strong><\/em><br \/>\n<em><strong>Presidente de OSMISS<\/strong><\/em><\/p>\n","protected":false},"excerpt":{"rendered":"<p>Definida sobre la base del equilibrio econ\u00f3mico y social, en el inicio de la primera d\u00e9cada del siglo XX, se establecieron las pol\u00edticas para el ordenamiento de la comunidad en relaci\u00f3n a las etapas et\u00e1reas &hellip; <\/p>\n","protected":false},"author":2,"featured_media":769,"comment_status":"closed","ping_status":"closed","sticky":false,"template":"","format":"standard","meta":{"om_disable_all_campaigns":false,"_monsterinsights_skip_tracking":false,"_uf_show_specific_survey":0,"_uf_disable_surveys":false,"footnotes":""},"categories":[22,24],"tags":[],"class_list":["post-99","post","type-post","status-publish","format-standard","has-post-thumbnail","hentry","category-editoriales","category-fipem","grid-sizer"],"aioseo_notices":[],"_links":{"self":[{"href":"https:\/\/osmiss.org.ar\/news2\/wp-json\/wp\/v2\/posts\/99","targetHints":{"allow":["GET"]}}],"collection":[{"href":"https:\/\/osmiss.org.ar\/news2\/wp-json\/wp\/v2\/posts"}],"about":[{"href":"https:\/\/osmiss.org.ar\/news2\/wp-json\/wp\/v2\/types\/post"}],"author":[{"embeddable":true,"href":"https:\/\/osmiss.org.ar\/news2\/wp-json\/wp\/v2\/users\/2"}],"replies":[{"embeddable":true,"href":"https:\/\/osmiss.org.ar\/news2\/wp-json\/wp\/v2\/comments?post=99"}],"version-history":[{"count":2,"href":"https:\/\/osmiss.org.ar\/news2\/wp-json\/wp\/v2\/posts\/99\/revisions"}],"predecessor-version":[{"id":859,"href":"https:\/\/osmiss.org.ar\/news2\/wp-json\/wp\/v2\/posts\/99\/revisions\/859"}],"wp:featuredmedia":[{"embeddable":true,"href":"https:\/\/osmiss.org.ar\/news2\/wp-json\/wp\/v2\/media\/769"}],"wp:attachment":[{"href":"https:\/\/osmiss.org.ar\/news2\/wp-json\/wp\/v2\/media?parent=99"}],"wp:term":[{"taxonomy":"category","embeddable":true,"href":"https:\/\/osmiss.org.ar\/news2\/wp-json\/wp\/v2\/categories?post=99"},{"taxonomy":"post_tag","embeddable":true,"href":"https:\/\/osmiss.org.ar\/news2\/wp-json\/wp\/v2\/tags?post=99"}],"curies":[{"name":"wp","href":"https:\/\/api.w.org\/{rel}","templated":true}]}}